{"id":1218,"date":"2025-11-26T00:00:00","date_gmt":"2025-11-26T00:00:00","guid":{"rendered":"https:\/\/blogdoamazonas.com.br\/324482-glory-adquire-acoes-restantes-do-acrelec-group\/"},"modified":"2025-11-26T00:00:00","modified_gmt":"2025-11-26T00:00:00","slug":"324482-glory-adquire-acoes-restantes-do-acrelec-group","status":"publish","type":"post","link":"https:\/\/blogdoamazonas.com.br\/en\/324482-glory-adquire-acoes-restantes-do-acrelec-group\/","title":{"rendered":"GLORY adquire a\u00e7\u00f5es restantes do Acrelec Group"},"content":{"rendered":"<p xmlns=\"http:\/\/www.w3.org\/1999\/xhtml\"><b>Glory Global Solutions (International) Ltd<\/b>, uma subsidi\u00e1ria integral da GLORY Ltd. [TYO:6457], anunciou a aquisi\u00e7\u00e3o das a\u00e7\u00f5es remanescentes do <b>Acrelec Group SAS<\/b> .\n<\/p>\n<p id=\"news-body-cta\" xmlns=\"http:\/\/www.w3.org\/1999\/xhtml\">Este comunicado de imprensa inclui multim\u00e9dia. Veja o comunicado completo aqui: <a href=\"https:\/\/www.businesswire.com\/news\/home\/20251126096925\/pt\/\" rel=\"follow\" target=\"_blank\">https:\/\/www.businesswire.com\/news\/home\/20251126096925\/pt\/<\/a><\/p>\n<p xmlns=\"http:\/\/www.w3.org\/1999\/xhtml\">\nA Acrelec \u00e9 uma empresa multinacional de tecnologia com foco em reinventar a experi\u00eancia do cliente para marcas de restaurantes e varejo. Ao aproveitar d\u00e9cadas de experi\u00eancia em software, hardware e servi\u00e7os, a empresa desenvolve e integra novas plataformas que incrementam a intera\u00e7\u00e3o com o cliente, otimizam a efici\u00eancia e aperfei\u00e7oam as opera\u00e7\u00f5es. Com mais de 120.000 instala\u00e7\u00f5es em mais de 70 pa\u00edses, a Acrelec conta com muitas das megamarcas de restaurantes mais conhecidas do mundo entre seus clientes.\n<\/p>\n<p xmlns=\"http:\/\/www.w3.org\/1999\/xhtml\">\nAnunciamos que Jalel Souissi deixou o Acrelec Group ap\u00f3s concluir a recente aquisi\u00e7\u00e3o de a\u00e7\u00f5es. Jalel Souissi desempenhou um papel essencial no desenvolvimento e sucesso da Acrelec, atuando como Cofundador e Co-Diretor Executivo ao longo dos anos. Sua vis\u00e3o, paix\u00e3o e dedica\u00e7\u00e3o foram cruciais para transformar a Acrelec em uma l\u00edder mundial em solu\u00e7\u00f5es tecnol\u00f3gicas para marcas de restaurantes e varejo.\n<\/p>\n<p xmlns=\"http:\/\/www.w3.org\/1999\/xhtml\">\nEm nome de toda a equipe da Glory e da Acrelec, expressamos nossos sinceros agradecimentos a Jalel Souissi por sua excepcional dedica\u00e7\u00e3o e incans\u00e1veis esfor\u00e7os \u200b\u200bem impulsionar a trajet\u00f3ria da empresa. Desejamos a Jalel muito sucesso em seus futuros projetos.\n<\/p>\n<p xmlns=\"http:\/\/www.w3.org\/1999\/xhtml\">\nAo falar sobre o investimento, Toshimitsu Yoshinari, Presidente da Divis\u00e3o Internacional da Glory, disse: &#8220;Desde nosso investimento inicial na Acrelec em 2020, as duas organiza\u00e7\u00f5es v\u00eam trabalhando em estreita coopera\u00e7\u00e3o para levar o valor combinado de nossas solu\u00e7\u00f5es a restaurantes ao redor do mundo. A Glory reconhece as cont\u00ednuas oportunidades de crescimento no setor de alimentos e bebidas; assim, este \u00e9 o momento certo para dar o pr\u00f3ximo passo e integrar plenamente a Acrelec ao Glory Group.&#8221;\n<\/p>\n<p xmlns=\"http:\/\/www.w3.org\/1999\/xhtml\"><b><span class=\"bwuline\">Sobre a GLORY<\/span><\/b><\/p>\n<p xmlns=\"http:\/\/www.w3.org\/1999\/xhtml\">\nComo l\u00edder mundial em solu\u00e7\u00f5es de tecnologia monet\u00e1ria, oferecemos aos setores financeiro, varejista, de centros de processamento de dinheiro em esp\u00e9cie e de jogos eletr\u00f4nicos, a confian\u00e7a de que seu dinheiro est\u00e1 protegido e sempre trabalhando para ajudar a realizar neg\u00f3cios mais s\u00f3lidos.\n<\/p>\n<p xmlns=\"http:\/\/www.w3.org\/1999\/xhtml\">\nNossas tecnologias de automa\u00e7\u00e3o monet\u00e1ria e servi\u00e7os de engenharia de processos ajudam empresas em mais de 100 pa\u00edses a otimizar o manuseio, a movimenta\u00e7\u00e3o e a gest\u00e3o de dinheiro. Embora atuemos a n\u00edvel mundial, nos envolvemos pessoalmente com cada cliente para enfrentar seus desafios e alvos espec\u00edficos, ao melhorar a efici\u00eancia de pessoal, reduzir custos operacionais e possibilitar uma experi\u00eancia mais gratificante ao cliente.\n<\/p>\n<p xmlns=\"http:\/\/www.w3.org\/1999\/xhtml\">\nCom mais de 11.000 profissionais ao redor do mundo e instala\u00e7\u00f5es dedicadas de P&amp;D e fabrica\u00e7\u00e3o, a GLORY tem por base uma rica heran\u00e7a de quase cem anos, com foco no cliente e impulsionada pela tecnologia.\n<\/p>\n<p xmlns=\"http:\/\/www.w3.org\/1999\/xhtml\">\nPara mais informa\u00e7\u00f5es, acesse <a href=\"https:\/\/cts.businesswire.com\/ct\/CT?id=smartlink&amp;url=http%3A%2F%2Fwww.glory-global.com&amp;esheet=54364000&amp;newsitemid=20251126096925&amp;lan=pt-BR&amp;anchor=www.glory-global.com&amp;index=1&amp;md5=cfd7ae8d9cecd8eb627d3108f6d112dc\" rel=\"follow\" shape=\"rect\" target=\"_blank\">www.glory-global.com<\/a>.\n<\/p>\n<p xmlns=\"http:\/\/www.w3.org\/1999\/xhtml\">\nO texto no idioma original deste an\u00fancio \u00e9 a vers\u00e3o oficial autorizada. As tradu\u00e7\u00f5es s\u00e3o fornecidas apenas como uma facilidade e devem se referir ao texto no idioma original, que \u00e9 a \u00fanica vers\u00e3o do texto que tem efeito legal.\n<\/p>\n<p xmlns=\"http:\/\/www.w3.org\/1999\/xhtml\"><img decoding=\"async\" alt=\"\" src=\"https:\/\/cts.businesswire.com\/ct\/CT?id=bwnews&amp;sty=20251126096925r1&amp;sid=brdno&amp;distro=ftp\"><span class=\"bwct31415\"><\/span><\/p>\n<p id=\"mmgallerylink\" xmlns=\"http:\/\/www.w3.org\/1999\/xhtml\"><span id=\"mmgallerylink-phrase\">Ver a vers\u00e3o original em businesswire.com: <\/span><span id=\"mmgallerylink-link\"><a href=\"https:\/\/www.businesswire.com\/news\/home\/20251126096925\/pt\/\" rel=\"follow\" target=\"_blank\">https:\/\/www.businesswire.com\/news\/home\/20251126096925\/pt\/<\/a><\/span><\/p>\n<p><b>Contato:<\/b><\/p>\n<p><b><span class=\"bwuline\">Contatos para m\u00eddia:<\/span><\/b><\/p>\n<p><b>GLORY<br \/>\n<\/b><\/p>\n<p>Paul Race\n<\/p>\n<p>Vice-Presidente de Marketing Estrat\u00e9gico\n<\/p>\n<p>+44 (0) 7887 052366\n<\/p>\n<p><a href=\"mailto:paul.race@glory-global.com\" rel=\"follow\" shape=\"rect\">paul.race@glory-global.com<\/a><\/p>\n<p><strong>Fonte: <\/strong><a href='http:\/\/www.businesswire.com\/portal\/site\/home\/' target='_blank'>BUSINESS WIRE<\/a><img src='https:\/\/api.dino.com.br\/v2\/news\/tr\/324482?partnerId=4428' alt=\"\" style=\"border:0px;width:1px;height:1px;\" \/><\/p>\n<input type=\"hidden\" id=\"baseurl\" value=\"https:\/\/blogdoamazonas.com.br\/en\"><input type=\"hidden\" id=\"audio_nonce\" value=\"65a14a18f7\">","protected":false},"excerpt":{"rendered":"<p>A Acrelec se torna uma subsidi\u00e1ria integral da Glory<\/p>","protected":false},"author":2,"featured_media":0,"comment_status":"open","ping_status":"open","sticky":false,"template":"","format":"standard","meta":{"jetpack_post_was_ever_published":false,"_jetpack_newsletter_access":"","_jetpack_dont_email_post_to_subs":false,"_jetpack_newsletter_tier_id":0,"_jetpack_memberships_contains_paywalled_content":false,"_jetpack_memberships_contains_paid_content":false,"footnotes":"","jetpack_publicize_message":"","jetpack_publicize_feature_enabled":true,"jetpack_social_post_already_shared":true,"jetpack_social_options":{"image_generator_settings":{"template":"highway","default_image_id":0,"font":"","enabled":false},"version":2}},"categories":[21],"tags":[62,40,39,60,58,61,59,45],"class_list":["post-1218","post","type-post","status-publish","format-standard","hentry","category-noticias-corporativas-dino","tag-alimentos-e-bebidas","tag-atacado-e-varejo","tag-economia","tag-fusoes-e-aquisicoes","tag-multimidia","tag-restaurantes","tag-software","tag-tecnologia"],"yoast_head":"<!-- This site is optimized with the Yoast SEO plugin v27.4 - https:\/\/yoast.com\/product\/yoast-seo-wordpress\/ -->\n<title>GLORY adquire a\u00e7\u00f5es restantes do Acrelec Group - Blog do Amazonas<\/title>\n<meta name=\"robots\" content=\"index, follow, max-snippet:-1, max-image-preview:large, max-video-preview:-1\" \/>\n<link rel=\"canonical\" href=\"https:\/\/blogdoamazonas.com.br\/en\/324482-glory-adquire-acoes-restantes-do-acrelec-group\/\" \/>\n<meta property=\"og:locale\" content=\"en_US\" \/>\n<meta property=\"og:type\" content=\"article\" \/>\n<meta property=\"og:title\" content=\"GLORY adquire a\u00e7\u00f5es restantes do Acrelec Group - Blog do Amazonas\" \/>\n<meta property=\"og:description\" content=\"A Acrelec se torna uma subsidi\u00e1ria integral da Glory\" \/>\n<meta property=\"og:url\" content=\"https:\/\/blogdoamazonas.com.br\/en\/324482-glory-adquire-acoes-restantes-do-acrelec-group\/\" \/>\n<meta property=\"og:site_name\" content=\"Blog do Amazonas\" \/>\n<meta property=\"article:published_time\" content=\"2025-11-26T00:00:00+00:00\" \/>\n<meta property=\"og:image\" content=\"https:\/\/cts.businesswire.com\/ct\/CT?id=bwnews&amp;sty=20251126096925r1&amp;sid=brdno&amp;distro=ftp\" \/>\n<meta name=\"author\" content=\"DINO\" \/>\n<meta name=\"twitter:card\" content=\"summary_large_image\" \/>\n<meta name=\"twitter:label1\" content=\"Written by\" \/>\n\t<meta name=\"twitter:data1\" content=\"DINO\" \/>\n\t<meta name=\"twitter:label2\" content=\"Est. reading time\" \/>\n\t<meta name=\"twitter:data2\" content=\"3 minutes\" \/>\n<script type=\"application\/ld+json\" class=\"yoast-schema-graph\">{\"@context\":\"https:\\\/\\\/schema.org\",\"@graph\":[{\"@type\":\"Article\",\"@id\":\"https:\\\/\\\/blogdoamazonas.com.br\\\/324482-glory-adquire-acoes-restantes-do-acrelec-group\\\/#article\",\"isPartOf\":{\"@id\":\"https:\\\/\\\/blogdoamazonas.com.br\\\/324482-glory-adquire-acoes-restantes-do-acrelec-group\\\/\"},\"author\":{\"name\":\"DINO\",\"@id\":\"https:\\\/\\\/blogdoamazonas.com.br\\\/#\\\/schema\\\/person\\\/10573d2ff72c2f798c404610f3f58bc7\"},\"headline\":\"GLORY adquire a\u00e7\u00f5es restantes do Acrelec Group\",\"datePublished\":\"2025-11-26T00:00:00+00:00\",\"mainEntityOfPage\":{\"@id\":\"https:\\\/\\\/blogdoamazonas.com.br\\\/324482-glory-adquire-acoes-restantes-do-acrelec-group\\\/\"},\"wordCount\":587,\"commentCount\":0,\"image\":{\"@id\":\"https:\\\/\\\/blogdoamazonas.com.br\\\/324482-glory-adquire-acoes-restantes-do-acrelec-group\\\/#primaryimage\"},\"thumbnailUrl\":\"https:\\\/\\\/cts.businesswire.com\\\/ct\\\/CT?id=bwnews&amp;sty=20251126096925r1&amp;sid=brdno&amp;distro=ftp\",\"keywords\":[\"ALIMENTOS E BEBIDAS\",\"ATACADO E VAREJO\",\"ECONOMIA\",\"FUS\u00d5ES E AQUISI\u00c7\u00d5ES\",\"MULTIM\u00cdDIA\",\"RESTAURANTES\",\"SOFTWARE\",\"TECNOLOGIA\"],\"articleSection\":[\"Not\u00edcias Corporativas\"],\"inLanguage\":\"en-US\",\"potentialAction\":[{\"@type\":\"CommentAction\",\"name\":\"Comment\",\"target\":[\"https:\\\/\\\/blogdoamazonas.com.br\\\/324482-glory-adquire-acoes-restantes-do-acrelec-group\\\/#respond\"]}]},{\"@type\":\"WebPage\",\"@id\":\"https:\\\/\\\/blogdoamazonas.com.br\\\/324482-glory-adquire-acoes-restantes-do-acrelec-group\\\/\",\"url\":\"https:\\\/\\\/blogdoamazonas.com.br\\\/324482-glory-adquire-acoes-restantes-do-acrelec-group\\\/\",\"name\":\"GLORY adquire a\u00e7\u00f5es restantes do Acrelec Group - Blog do Amazonas\",\"isPartOf\":{\"@id\":\"https:\\\/\\\/blogdoamazonas.com.br\\\/#website\"},\"primaryImageOfPage\":{\"@id\":\"https:\\\/\\\/blogdoamazonas.com.br\\\/324482-glory-adquire-acoes-restantes-do-acrelec-group\\\/#primaryimage\"},\"image\":{\"@id\":\"https:\\\/\\\/blogdoamazonas.com.br\\\/324482-glory-adquire-acoes-restantes-do-acrelec-group\\\/#primaryimage\"},\"thumbnailUrl\":\"https:\\\/\\\/cts.businesswire.com\\\/ct\\\/CT?id=bwnews&amp;sty=20251126096925r1&amp;sid=brdno&amp;distro=ftp\",\"datePublished\":\"2025-11-26T00:00:00+00:00\",\"author\":{\"@id\":\"https:\\\/\\\/blogdoamazonas.com.br\\\/#\\\/schema\\\/person\\\/10573d2ff72c2f798c404610f3f58bc7\"},\"breadcrumb\":{\"@id\":\"https:\\\/\\\/blogdoamazonas.com.br\\\/324482-glory-adquire-acoes-restantes-do-acrelec-group\\\/#breadcrumb\"},\"inLanguage\":\"en-US\",\"potentialAction\":[{\"@type\":\"ReadAction\",\"target\":[\"https:\\\/\\\/blogdoamazonas.com.br\\\/324482-glory-adquire-acoes-restantes-do-acrelec-group\\\/\"]}]},{\"@type\":\"ImageObject\",\"inLanguage\":\"en-US\",\"@id\":\"https:\\\/\\\/blogdoamazonas.com.br\\\/324482-glory-adquire-acoes-restantes-do-acrelec-group\\\/#primaryimage\",\"url\":\"https:\\\/\\\/cts.businesswire.com\\\/ct\\\/CT?id=bwnews&amp;sty=20251126096925r1&amp;sid=brdno&amp;distro=ftp\",\"contentUrl\":\"https:\\\/\\\/cts.businesswire.com\\\/ct\\\/CT?id=bwnews&amp;sty=20251126096925r1&amp;sid=brdno&amp;distro=ftp\"},{\"@type\":\"BreadcrumbList\",\"@id\":\"https:\\\/\\\/blogdoamazonas.com.br\\\/324482-glory-adquire-acoes-restantes-do-acrelec-group\\\/#breadcrumb\",\"itemListElement\":[{\"@type\":\"ListItem\",\"position\":1,\"name\":\"In\u00edcio\",\"item\":\"https:\\\/\\\/blogdoamazonas.com.br\\\/\"},{\"@type\":\"ListItem\",\"position\":2,\"name\":\"GLORY adquire a\u00e7\u00f5es restantes do Acrelec Group\"}]},{\"@type\":\"WebSite\",\"@id\":\"https:\\\/\\\/blogdoamazonas.com.br\\\/#website\",\"url\":\"https:\\\/\\\/blogdoamazonas.com.br\\\/\",\"name\":\"Blog do Amazonas\",\"description\":\"Not\u00edcias de Manaus, Amazonas e Brasil\",\"potentialAction\":[{\"@type\":\"SearchAction\",\"target\":{\"@type\":\"EntryPoint\",\"urlTemplate\":\"https:\\\/\\\/blogdoamazonas.com.br\\\/?s={search_term_string}\"},\"query-input\":{\"@type\":\"PropertyValueSpecification\",\"valueRequired\":true,\"valueName\":\"search_term_string\"}}],\"inLanguage\":\"en-US\"},{\"@type\":\"Person\",\"@id\":\"https:\\\/\\\/blogdoamazonas.com.br\\\/#\\\/schema\\\/person\\\/10573d2ff72c2f798c404610f3f58bc7\",\"name\":\"DINO\",\"image\":{\"@type\":\"ImageObject\",\"inLanguage\":\"en-US\",\"@id\":\"https:\\\/\\\/secure.gravatar.com\\\/avatar\\\/f29568383aedf96da155b6f87103b0e04b1c662f982055cda25086444ab33ff8?s=96&d=mm&r=g\",\"url\":\"https:\\\/\\\/secure.gravatar.com\\\/avatar\\\/f29568383aedf96da155b6f87103b0e04b1c662f982055cda25086444ab33ff8?s=96&d=mm&r=g\",\"contentUrl\":\"https:\\\/\\\/secure.gravatar.com\\\/avatar\\\/f29568383aedf96da155b6f87103b0e04b1c662f982055cda25086444ab33ff8?s=96&d=mm&r=g\",\"caption\":\"DINO\"},\"url\":\"https:\\\/\\\/blogdoamazonas.com.br\\\/en\\\/author\\\/DINO\\\/\"}]}<\/script>\n<!-- \/ Yoast SEO plugin. -->","yoast_head_json":{"title":"GLORY adquire a\u00e7\u00f5es restantes do Acrelec Group - Blog do Amazonas","robots":{"index":"index","follow":"follow","max-snippet":"max-snippet:-1","max-image-preview":"max-image-preview:large","max-video-preview":"max-video-preview:-1"},"canonical":"https:\/\/blogdoamazonas.com.br\/en\/324482-glory-adquire-acoes-restantes-do-acrelec-group\/","og_locale":"en_US","og_type":"article","og_title":"GLORY adquire a\u00e7\u00f5es restantes do Acrelec Group - Blog do Amazonas","og_description":"A Acrelec se torna uma subsidi\u00e1ria integral da Glory","og_url":"https:\/\/blogdoamazonas.com.br\/en\/324482-glory-adquire-acoes-restantes-do-acrelec-group\/","og_site_name":"Blog do Amazonas","article_published_time":"2025-11-26T00:00:00+00:00","og_image":[{"url":"https:\/\/cts.businesswire.com\/ct\/CT?id=bwnews&amp;sty=20251126096925r1&amp;sid=brdno&amp;distro=ftp","type":"","width":"","height":""}],"author":"DINO","twitter_card":"summary_large_image","twitter_misc":{"Written by":"DINO","Est. reading time":"3 minutes"},"schema":{"@context":"https:\/\/schema.org","@graph":[{"@type":"Article","@id":"https:\/\/blogdoamazonas.com.br\/324482-glory-adquire-acoes-restantes-do-acrelec-group\/#article","isPartOf":{"@id":"https:\/\/blogdoamazonas.com.br\/324482-glory-adquire-acoes-restantes-do-acrelec-group\/"},"author":{"name":"DINO","@id":"https:\/\/blogdoamazonas.com.br\/#\/schema\/person\/10573d2ff72c2f798c404610f3f58bc7"},"headline":"GLORY adquire a\u00e7\u00f5es restantes do Acrelec Group","datePublished":"2025-11-26T00:00:00+00:00","mainEntityOfPage":{"@id":"https:\/\/blogdoamazonas.com.br\/324482-glory-adquire-acoes-restantes-do-acrelec-group\/"},"wordCount":587,"commentCount":0,"image":{"@id":"https:\/\/blogdoamazonas.com.br\/324482-glory-adquire-acoes-restantes-do-acrelec-group\/#primaryimage"},"thumbnailUrl":"https:\/\/cts.businesswire.com\/ct\/CT?id=bwnews&amp;sty=20251126096925r1&amp;sid=brdno&amp;distro=ftp","keywords":["ALIMENTOS E BEBIDAS","ATACADO E VAREJO","ECONOMIA","FUS\u00d5ES E AQUISI\u00c7\u00d5ES","MULTIM\u00cdDIA","RESTAURANTES","SOFTWARE","TECNOLOGIA"],"articleSection":["Not\u00edcias Corporativas"],"inLanguage":"en-US","potentialAction":[{"@type":"CommentAction","name":"Comment","target":["https:\/\/blogdoamazonas.com.br\/324482-glory-adquire-acoes-restantes-do-acrelec-group\/#respond"]}]},{"@type":"WebPage","@id":"https:\/\/blogdoamazonas.com.br\/324482-glory-adquire-acoes-restantes-do-acrelec-group\/","url":"https:\/\/blogdoamazonas.com.br\/324482-glory-adquire-acoes-restantes-do-acrelec-group\/","name":"GLORY adquire a\u00e7\u00f5es restantes do Acrelec Group - Blog do Amazonas","isPartOf":{"@id":"https:\/\/blogdoamazonas.com.br\/#website"},"primaryImageOfPage":{"@id":"https:\/\/blogdoamazonas.com.br\/324482-glory-adquire-acoes-restantes-do-acrelec-group\/#primaryimage"},"image":{"@id":"https:\/\/blogdoamazonas.com.br\/324482-glory-adquire-acoes-restantes-do-acrelec-group\/#primaryimage"},"thumbnailUrl":"https:\/\/cts.businesswire.com\/ct\/CT?id=bwnews&amp;sty=20251126096925r1&amp;sid=brdno&amp;distro=ftp","datePublished":"2025-11-26T00:00:00+00:00","author":{"@id":"https:\/\/blogdoamazonas.com.br\/#\/schema\/person\/10573d2ff72c2f798c404610f3f58bc7"},"breadcrumb":{"@id":"https:\/\/blogdoamazonas.com.br\/324482-glory-adquire-acoes-restantes-do-acrelec-group\/#breadcrumb"},"inLanguage":"en-US","potentialAction":[{"@type":"ReadAction","target":["https:\/\/blogdoamazonas.com.br\/324482-glory-adquire-acoes-restantes-do-acrelec-group\/"]}]},{"@type":"ImageObject","inLanguage":"en-US","@id":"https:\/\/blogdoamazonas.com.br\/324482-glory-adquire-acoes-restantes-do-acrelec-group\/#primaryimage","url":"https:\/\/cts.businesswire.com\/ct\/CT?id=bwnews&amp;sty=20251126096925r1&amp;sid=brdno&amp;distro=ftp","contentUrl":"https:\/\/cts.businesswire.com\/ct\/CT?id=bwnews&amp;sty=20251126096925r1&amp;sid=brdno&amp;distro=ftp"},{"@type":"BreadcrumbList","@id":"https:\/\/blogdoamazonas.com.br\/324482-glory-adquire-acoes-restantes-do-acrelec-group\/#breadcrumb","itemListElement":[{"@type":"ListItem","position":1,"name":"In\u00edcio","item":"https:\/\/blogdoamazonas.com.br\/"},{"@type":"ListItem","position":2,"name":"GLORY adquire a\u00e7\u00f5es restantes do Acrelec Group"}]},{"@type":"WebSite","@id":"https:\/\/blogdoamazonas.com.br\/#website","url":"https:\/\/blogdoamazonas.com.br\/","name":"Blog do Amazonas","description":"Not\u00edcias de Manaus, Amazonas e Brasil","potentialAction":[{"@type":"SearchAction","target":{"@type":"EntryPoint","urlTemplate":"https:\/\/blogdoamazonas.com.br\/?s={search_term_string}"},"query-input":{"@type":"PropertyValueSpecification","valueRequired":true,"valueName":"search_term_string"}}],"inLanguage":"en-US"},{"@type":"Person","@id":"https:\/\/blogdoamazonas.com.br\/#\/schema\/person\/10573d2ff72c2f798c404610f3f58bc7","name":"DINO","image":{"@type":"ImageObject","inLanguage":"en-US","@id":"https:\/\/secure.gravatar.com\/avatar\/f29568383aedf96da155b6f87103b0e04b1c662f982055cda25086444ab33ff8?s=96&d=mm&r=g","url":"https:\/\/secure.gravatar.com\/avatar\/f29568383aedf96da155b6f87103b0e04b1c662f982055cda25086444ab33ff8?s=96&d=mm&r=g","contentUrl":"https:\/\/secure.gravatar.com\/avatar\/f29568383aedf96da155b6f87103b0e04b1c662f982055cda25086444ab33ff8?s=96&d=mm&r=g","caption":"DINO"},"url":"https:\/\/blogdoamazonas.com.br\/en\/author\/DINO\/"}]}},"jetpack_publicize_connections":[],"jetpack_featured_media_url":"","jetpack-related-posts":[{"id":3734,"url":"https:\/\/blogdoamazonas.com.br\/en\/325717-a-chemelex-adiciona-a-plataforma-de-monitoramento-smarttrace-da-electric-heat-trace-group-ltd-ao-seu-portfolio-de-sistemas-de-aquecimento-por-resistencia-eletrica\/","url_meta":{"origin":1218,"position":0},"title":"A Chemelex adiciona a plataforma de monitoramento SmartTrace da Electric Heat Trace Group Ltd. ao seu portf\u00f3lio de sistemas de aquecimento por resist\u00eancia el\u00e9trica","author":"DINO","date":"January 6, 2026","format":false,"excerpt":"A Chemelex, l\u00edder global em solu\u00e7\u00f5es el\u00e9tricas t\u00e9rmicas e de sensoriamento, anunciou hoje a conclus\u00e3o bem-sucedida da aquisi\u00e7\u00e3o de praticamente todos os ativos e opera\u00e7\u00f5es em andamento da Electric Heat Trace Group Ltd. (EHT Group), com sede em Ont\u00e1rio, Canad\u00e1. Essa iniciativa estrat\u00e9gica marca um in\u00edcio promissor para o novo\u2026","rel":"","context":"In &quot;Not\u00edcias Corporativas&quot;","block_context":{"text":"Not\u00edcias Corporativas","link":"https:\/\/blogdoamazonas.com.br\/en\/categoria\/noticias-corporativas-dino\/"},"img":{"alt_text":"","src":"","width":0,"height":0},"classes":[]},{"id":4599,"url":"https:\/\/blogdoamazonas.com.br\/en\/326227-posiflex-apresentara-inovacoes-de-varejo-com-ia-na-euroshop-2026\/","url_meta":{"origin":1218,"position":1},"title":"Posiflex apresentar\u00e1 inova\u00e7\u00f5es de varejo com IA na EuroShop 2026","author":"DINO","date":"January 20, 2026","format":false,"excerpt":"De autoatendimento com IA a transa\u00e7\u00f5es Tap-to-Pay de nova gera\u00e7\u00e3o, a Posiflex apresenta solu\u00e7\u00f5es de ponta a ponta que redefinem a jornada do varejo moderno","rel":"","context":"In &quot;Not\u00edcias Corporativas&quot;","block_context":{"text":"Not\u00edcias Corporativas","link":"https:\/\/blogdoamazonas.com.br\/en\/categoria\/noticias-corporativas-dino\/"},"img":{"alt_text":"","src":"","width":0,"height":0},"classes":[]},{"id":2204,"url":"https:\/\/blogdoamazonas.com.br\/en\/324870-ebc-financial-group-reconhecida-como-melhor-corretora-para-execucao-no-professional-trader-awards-2025\/","url_meta":{"origin":1218,"position":2},"title":"EBC Financial Group Reconhecida como Melhor Corretora para Execu\u00e7\u00e3o no Professional Trader Awards 2025","author":"DINO","date":"December 9, 2025","format":false,"excerpt":"Reconhecimento ocorre ap\u00f3s uma vota\u00e7\u00e3o de traders profissionais e ativos, destacando o papel essencial da qualidade da execu\u00e7\u00e3o na negocia\u00e7\u00e3o de n\u00edvel institucional","rel":"","context":"In &quot;Not\u00edcias Corporativas&quot;","block_context":{"text":"Not\u00edcias Corporativas","link":"https:\/\/blogdoamazonas.com.br\/en\/categoria\/noticias-corporativas-dino\/"},"img":{"alt_text":"","src":"https:\/\/i0.wp.com\/ml.globenewswire.com\/Resource\/Download\/cc85440c-65f1-4adc-897d-9f139213cdc5\/image1.jpeg?resize=350%2C200&ssl=1","width":350,"height":200,"srcset":"https:\/\/i0.wp.com\/ml.globenewswire.com\/Resource\/Download\/cc85440c-65f1-4adc-897d-9f139213cdc5\/image1.jpeg?resize=350%2C200&ssl=1 1x, https:\/\/i0.wp.com\/ml.globenewswire.com\/Resource\/Download\/cc85440c-65f1-4adc-897d-9f139213cdc5\/image1.jpeg?resize=525%2C300&ssl=1 1.5x"},"classes":[]},{"id":4117,"url":"https:\/\/blogdoamazonas.com.br\/en\/325899-a-lenovo-traz-visibilidade-nas-lojas-em-tempo-real-e-suporte-baseado-em-ia-para-o-varejo-oferecendo-valor-desde-o-primeiro-dia\/","url_meta":{"origin":1218,"position":3},"title":"A Lenovo traz visibilidade nas lojas em tempo real e suporte baseado em IA para o varejo, oferecendo valor desde o primeiro dia","author":"DINO","date":"January 13, 2026","format":false,"excerpt":"Os Servi\u00e7os de Loja Inteligente, os Assistentes de Varejo com IA nativa e os Servi\u00e7os de IA H\u00edbrida ajudam os varejistas a reduzir o tempo de inatividade, capacitar as equipes de atendimento e expandir a IA em lojas f\u00edsicas e digitais.","rel":"","context":"In &quot;Not\u00edcias Corporativas&quot;","block_context":{"text":"Not\u00edcias Corporativas","link":"https:\/\/blogdoamazonas.com.br\/en\/categoria\/noticias-corporativas-dino\/"},"img":{"alt_text":"","src":"","width":0,"height":0},"classes":[]},{"id":4904,"url":"https:\/\/blogdoamazonas.com.br\/en\/326396-a-iqmetrix-anuncia-o-primeiro-telecom-retail-summit-no-mwc-barcelona-2026\/","url_meta":{"origin":1218,"position":4},"title":"A iQmetrix anuncia o primeiro &#8220;Telecom Retail Summit&#8221; no MWC Barcelona 2026","author":"DINO","date":"January 22, 2026","format":false,"excerpt":"Fornecedora l\u00edder de software desafia o setor sobre a crescente desconex\u00e3o entre a inova\u00e7\u00e3o em telecomunica\u00e7\u00f5es e a experi\u00eancia na loja.","rel":"","context":"In &quot;Not\u00edcias Corporativas&quot;","block_context":{"text":"Not\u00edcias Corporativas","link":"https:\/\/blogdoamazonas.com.br\/en\/categoria\/noticias-corporativas-dino\/"},"img":{"alt_text":"","src":"","width":0,"height":0},"classes":[]},{"id":13067,"url":"https:\/\/blogdoamazonas.com.br\/en\/330237-a-rue-gilt-groupe-integra-a-inteligencia-de-identidade-da-riskified-a-sua-experiencia-de-atendimento-ao-cliente\/","url_meta":{"origin":1218,"position":5},"title":"A Rue Gilt Groupe integra a intelig\u00eancia de identidade da Riskified \u00e0 sua experi\u00eancia de atendimento ao cliente","author":"DINO","date":"April 16, 2026","format":false,"excerpt":"A co-inova\u00e7\u00e3o traz insights de risco de identidade em tempo real para os fluxos de trabalho de CX, agilizando o atendimento a clientes confi\u00e1veis \u200b\u200be reduzindo fraudes e abusos de pol\u00edticas","rel":"","context":"In &quot;Not\u00edcias Corporativas&quot;","block_context":{"text":"Not\u00edcias Corporativas","link":"https:\/\/blogdoamazonas.com.br\/en\/categoria\/noticias-corporativas-dino\/"},"img":{"alt_text":"","src":"","width":0,"height":0},"classes":[]}],"jetpack_sharing_enabled":true,"jetpack_shortlink":"https:\/\/wp.me\/pcvwls-jE","_links":{"self":[{"href":"https:\/\/blogdoamazonas.com.br\/en\/wp-json\/wp\/v2\/posts\/1218","targetHints":{"allow":["GET"]}}],"collection":[{"href":"https:\/\/blogdoamazonas.com.br\/en\/wp-json\/wp\/v2\/posts"}],"about":[{"href":"https:\/\/blogdoamazonas.com.br\/en\/wp-json\/wp\/v2\/types\/post"}],"author":[{"embeddable":true,"href":"https:\/\/blogdoamazonas.com.br\/en\/wp-json\/wp\/v2\/users\/2"}],"replies":[{"embeddable":true,"href":"https:\/\/blogdoamazonas.com.br\/en\/wp-json\/wp\/v2\/comments?post=1218"}],"version-history":[{"count":0,"href":"https:\/\/blogdoamazonas.com.br\/en\/wp-json\/wp\/v2\/posts\/1218\/revisions"}],"wp:attachment":[{"href":"https:\/\/blogdoamazonas.com.br\/en\/wp-json\/wp\/v2\/media?parent=1218"}],"wp:term":[{"taxonomy":"category","embeddable":true,"href":"https:\/\/blogdoamazonas.com.br\/en\/wp-json\/wp\/v2\/categories?post=1218"},{"taxonomy":"post_tag","embeddable":true,"href":"https:\/\/blogdoamazonas.com.br\/en\/wp-json\/wp\/v2\/tags?post=1218"}],"curies":[{"name":"wp","href":"https:\/\/api.w.org\/{rel}","templated":true}]}}