{"id":1317,"date":"2025-11-27T00:00:00","date_gmt":"2025-11-27T00:00:00","guid":{"rendered":"https:\/\/blogdoamazonas.com.br\/323401-seguranca-de-dados-e-foco-de-atencao-no-brasil\/"},"modified":"2025-11-27T00:00:00","modified_gmt":"2025-11-27T00:00:00","slug":"323401-seguranca-de-dados-e-foco-de-atencao-no-brasil","status":"publish","type":"post","link":"https:\/\/blogdoamazonas.com.br\/en\/323401-seguranca-de-dados-e-foco-de-atencao-no-brasil\/","title":{"rendered":"Seguran\u00e7a de dados \u00e9 foco de aten\u00e7\u00e3o no Brasil"},"content":{"rendered":"<p>Celebrado no dia 30 de novembro, o Dia Internacional da Seguran&ccedil;a da Informa&ccedil;&atilde;o refor&ccedil;a a import&acirc;ncia da prote&ccedil;&atilde;o de dados em um cen&aacute;rio cada vez mais digitalizado. Em meio ao crescimento de solu&ccedil;&otilde;es baseadas em Software como Servi&ccedil;o (SaaS) e sistemas de Gest&atilde;o da For&ccedil;a de Trabalho (WFM), empresas brasileiras ainda enfrentam o desafio de garantir a confidencialidade e integridade das informa&ccedil;&otilde;es de colaboradores e clientes.<\/p>\n<p>Essa preocupa&ccedil;&atilde;o com a seguran&ccedil;a digital dentro das empresas pode ser justificada por n&uacute;meros alarmantes. Um levantamento realizado pela Netscout e divulgado no portal <a rel=\"follow\" target=\"_blank\" href=\"https:\/\/olhardigital.com.br\/2025\/08\/27\/seguranca\/brasil-e-lider-em-ataques-ciberneticos-na-america-latina-segundo-relatorio\/\">Olhar Digital<\/a> aponta que, apenas no primeiro semestre de 2025, o Brasil registrou cerca de 550 mil ataques de nega&ccedil;&atilde;o de servi&ccedil;o distribu&iacute;do (DDoS), um aumento de 55% em rela&ccedil;&atilde;o ao ano anterior.<\/p>\n<p>Al&eacute;m disso, informa&ccedil;&otilde;es do site Have I Been Pwned, publicadas no jornal <a rel=\"follow\" target=\"_blank\" href=\"https:\/\/www.em.com.br\/tecnologia\/2025\/10\/7280248-vazamento-de-dados-expoe-183-milhoes-de-e-mails-saiba-como-se-proteger.html#google_vignette\">Estado de Minas<\/a>, relatam que um mega vazamento exp&ocirc;s mais de 183 milh&otilde;es de credenciais, incluindo e-mails e senhas de brasileiros, evidenciando a vulnerabilidade das empresas frente a malwares e t&eacute;cnicas de invas&atilde;o.<\/p>\n<p>Segundo Bruno Matos, Security Information Manager da SISQUAL&reg; WFM, a seguran&ccedil;a robusta e cont&iacute;nua &eacute; essencial para transmitir confian&ccedil;a nas solu&ccedil;&otilde;es SaaS e WFM utilizadas pelas organiza&ccedil;&otilde;es. &quot;A prote&ccedil;&atilde;o dos dados garante o mais importante: confidencialidade e integridade. Isso &eacute; o que sustenta a confian&ccedil;a nos sistemas&quot;, afirma.<\/p>\n<p>Apesar dos riscos, o pa&iacute;s tem se destacado na Am&eacute;rica do Sul como refer&ecirc;ncia em ciberseguran&ccedil;a. De acordo com o <a rel=\"follow\" target=\"_blank\" href=\"https:\/\/brasscom.org.br\/brasil-deve-investir-r-1046-bi-em-ciberseguranca-ate-2028-aponta-novo-relatorio-da-brasscom\/\">Relat&oacute;rio de Ciberseguran&ccedil;a 2025<\/a>, da Associa&ccedil;&atilde;o das Empresas de Tecnologia da Informa&ccedil;&atilde;o e Comunica&ccedil;&atilde;o (TIC) e de Tecnologias Digitais (Brasscom), o Brasil &eacute; o &uacute;nico pa&iacute;s da regi&atilde;o classificado no tier 1 do Global Cyber Security Index, da Uni&atilde;o Internacional das Telecomunica&ccedil;&otilde;es.<\/p>\n<p>O relat&oacute;rio projeta ainda que o mercado nacional de seguran&ccedil;a da informa&ccedil;&atilde;o movimente cerca de R$ 104,6 bilh&otilde;es entre 2025 e 2028. Para empresas que oferecem servi&ccedil;os SaaS e WFM, Matos ressalta que a prote&ccedil;&atilde;o dos dados precisa passar por pr&aacute;ticas rigorosas. &quot;&Eacute; fundamental garantir atualiza&ccedil;&atilde;o cont&iacute;nua em m&eacute;todos, sistemas e monitoriza&ccedil;&atilde;o, al&eacute;m de encripta&ccedil;&atilde;o forte e segura. O acesso aos dados deve ser sempre o m&iacute;nimo necess&aacute;rio para o trabalho&quot;, avalia.<\/p>\n<p>Para o especialista, a data comemorativa tamb&eacute;m tem papel relevante na conscientiza&ccedil;&atilde;o dos usu&aacute;rios. &quot;Todo o utilizador ouve falar em seguran&ccedil;a da informa&ccedil;&atilde;o, mas poucos t&ecirc;m no&ccedil;&atilde;o do impacto da divulga&ccedil;&atilde;o n&atilde;o autorizada de dados. Campanhas educativas ajudam a criar uma cultura organizacional mais focada na seguran&ccedil;a&quot;, destaca.<\/p>\n<p>Entre as boas pr&aacute;ticas recomendadas, o especialista aponta os backups regulares como prioridade. &quot;Garantir c&oacute;pias da informa&ccedil;&atilde;o &eacute; essencial para a recupera&ccedil;&atilde;o em caso de incidentes. A atualiza&ccedil;&atilde;o dos sistemas, monitoriza&ccedil;&atilde;o ativa e gest&atilde;o rigorosa dos acessos tamb&eacute;m s&atilde;o medidas que reduzem os riscos&quot;, afirma.<\/p>\n<p>O Security Information Manager refor&ccedil;a ainda que a neglig&ecirc;ncia na seguran&ccedil;a corporativa pode gerar preju&iacute;zos significativos. &quot;A falta de investimento acarreta riscos como perda ou viola&ccedil;&atilde;o de dados, al&eacute;m de danos financeiros e reputacionais. Empresas desprotegidas s&atilde;o mais vulner&aacute;veis a ataques inform&aacute;ticos&quot;, alerta.<\/p>\n<p>Sobre o cen&aacute;rio nacional, o representante da SISQUAL&reg; WFM reconhece avan&ccedil;os no combate a ciberataques, mas ressalta que ainda h&aacute; muito a ser feito. &quot;Atualmente h&aacute; uma maior preocupa&ccedil;&atilde;o com esses incidentes, e a comunica&ccedil;&atilde;o pelas m&iacute;dias sociais tem ajudado a alertar empresas e colaboradores. No entanto, a falta de conscientiza&ccedil;&atilde;o e investimento faz com que o pa&iacute;s esteja longe de se sentir seguro. A meu ver, a curiosidade humana ainda coloca em risco a seguran&ccedil;a dos dados&quot;, conclui.<\/p>\n<p>Para saber mais, basta acessar:<a rel=\"follow\" target=\"_blank\" href=\"http:\/\/www.sisqualwfm.com\/\">http:\/\/www.sisqualwfm.com<\/a><\/p>\n<p><img src='https:\/\/api.dino.com.br\/v2\/news\/tr\/323401?partnerId=4428' alt=\"\" style=\"border:0px;width:1px;height:1px;\" \/><\/p>\n<input type=\"hidden\" id=\"baseurl\" value=\"https:\/\/blogdoamazonas.com.br\/en\"><input type=\"hidden\" id=\"audio_nonce\" value=\"65a14a18f7\">","protected":false},"excerpt":{"rendered":"<p>Especialista da SISQUAL\u00ae WFM alerta para riscos em sistemas corporativos e refor\u00e7a a import\u00e2ncia da conscientiza\u00e7\u00e3o entre colaboradores<\/p>","protected":false},"author":2,"featured_media":1318,"comment_status":"open","ping_status":"open","sticky":false,"template":"","format":"standard","meta":{"jetpack_post_was_ever_published":false,"_jetpack_newsletter_access":"","_jetpack_dont_email_post_to_subs":false,"_jetpack_newsletter_tier_id":0,"_jetpack_memberships_contains_paywalled_content":false,"_jetpack_memberships_contains_paid_content":false,"footnotes":"","jetpack_publicize_message":"","jetpack_publicize_feature_enabled":true,"jetpack_social_post_already_shared":true,"jetpack_social_options":{"image_generator_settings":{"template":"highway","default_image_id":0,"font":"","enabled":false},"version":2}},"categories":[21],"tags":[36,82,55,45],"class_list":["post-1317","post","type-post","status-publish","format-standard","has-post-thumbnail","hentry","category-noticias-corporativas-dino","tag-negocios","tag-politicas","tag-sociedade","tag-tecnologia"],"yoast_head":"<!-- This site is optimized with the Yoast SEO plugin v27.4 - https:\/\/yoast.com\/product\/yoast-seo-wordpress\/ -->\n<title>Seguran\u00e7a de dados \u00e9 foco de aten\u00e7\u00e3o no Brasil - Blog do Amazonas<\/title>\n<meta name=\"robots\" content=\"index, follow, max-snippet:-1, max-image-preview:large, max-video-preview:-1\" \/>\n<link rel=\"canonical\" href=\"https:\/\/blogdoamazonas.com.br\/en\/323401-seguranca-de-dados-e-foco-de-atencao-no-brasil\/\" \/>\n<meta property=\"og:locale\" content=\"en_US\" \/>\n<meta property=\"og:type\" content=\"article\" \/>\n<meta property=\"og:title\" content=\"Seguran\u00e7a de dados \u00e9 foco de aten\u00e7\u00e3o no Brasil - Blog do Amazonas\" \/>\n<meta property=\"og:description\" content=\"Especialista da SISQUAL\u00ae WFM alerta para riscos em sistemas corporativos e refor\u00e7a a import\u00e2ncia da conscientiza\u00e7\u00e3o entre colaboradores\" \/>\n<meta property=\"og:url\" content=\"https:\/\/blogdoamazonas.com.br\/en\/323401-seguranca-de-dados-e-foco-de-atencao-no-brasil\/\" \/>\n<meta property=\"og:site_name\" content=\"Blog do Amazonas\" \/>\n<meta property=\"article:published_time\" content=\"2025-11-27T00:00:00+00:00\" \/>\n<meta property=\"og:image\" content=\"https:\/\/api.dino.com.br\/v2\/news\/tr\/323401?partnerId=4428\" \/>\n<meta name=\"author\" content=\"DINO\" \/>\n<meta name=\"twitter:card\" content=\"summary_large_image\" \/>\n<meta name=\"twitter:label1\" content=\"Written by\" \/>\n\t<meta name=\"twitter:data1\" content=\"DINO\" \/>\n\t<meta name=\"twitter:label2\" content=\"Est. reading time\" \/>\n\t<meta name=\"twitter:data2\" content=\"4 minutes\" \/>\n<script type=\"application\/ld+json\" class=\"yoast-schema-graph\">{\"@context\":\"https:\\\/\\\/schema.org\",\"@graph\":[{\"@type\":\"Article\",\"@id\":\"https:\\\/\\\/blogdoamazonas.com.br\\\/323401-seguranca-de-dados-e-foco-de-atencao-no-brasil\\\/#article\",\"isPartOf\":{\"@id\":\"https:\\\/\\\/blogdoamazonas.com.br\\\/323401-seguranca-de-dados-e-foco-de-atencao-no-brasil\\\/\"},\"author\":{\"name\":\"DINO\",\"@id\":\"https:\\\/\\\/blogdoamazonas.com.br\\\/#\\\/schema\\\/person\\\/10573d2ff72c2f798c404610f3f58bc7\"},\"headline\":\"Seguran\u00e7a de dados \u00e9 foco de aten\u00e7\u00e3o no Brasil\",\"datePublished\":\"2025-11-27T00:00:00+00:00\",\"mainEntityOfPage\":{\"@id\":\"https:\\\/\\\/blogdoamazonas.com.br\\\/323401-seguranca-de-dados-e-foco-de-atencao-no-brasil\\\/\"},\"wordCount\":813,\"commentCount\":0,\"image\":{\"@id\":\"https:\\\/\\\/blogdoamazonas.com.br\\\/323401-seguranca-de-dados-e-foco-de-atencao-no-brasil\\\/#primaryimage\"},\"thumbnailUrl\":\"https:\\\/\\\/i0.wp.com\\\/blogdoamazonas.com.br\\\/wp-content\\\/uploads\\\/2025\\\/11\\\/dfd0dbe0-f348-4173-8bbd-d4be5dbfe6b6.jpg?fit=1200%2C800&ssl=1\",\"keywords\":[\"NEG\u00d3CIOS\",\"POL\u00cdTICAS\",\"SOCIEDADE\",\"TECNOLOGIA\"],\"articleSection\":[\"Not\u00edcias Corporativas\"],\"inLanguage\":\"en-US\",\"potentialAction\":[{\"@type\":\"CommentAction\",\"name\":\"Comment\",\"target\":[\"https:\\\/\\\/blogdoamazonas.com.br\\\/323401-seguranca-de-dados-e-foco-de-atencao-no-brasil\\\/#respond\"]}]},{\"@type\":\"WebPage\",\"@id\":\"https:\\\/\\\/blogdoamazonas.com.br\\\/323401-seguranca-de-dados-e-foco-de-atencao-no-brasil\\\/\",\"url\":\"https:\\\/\\\/blogdoamazonas.com.br\\\/323401-seguranca-de-dados-e-foco-de-atencao-no-brasil\\\/\",\"name\":\"Seguran\u00e7a de dados \u00e9 foco de aten\u00e7\u00e3o no Brasil - Blog do Amazonas\",\"isPartOf\":{\"@id\":\"https:\\\/\\\/blogdoamazonas.com.br\\\/#website\"},\"primaryImageOfPage\":{\"@id\":\"https:\\\/\\\/blogdoamazonas.com.br\\\/323401-seguranca-de-dados-e-foco-de-atencao-no-brasil\\\/#primaryimage\"},\"image\":{\"@id\":\"https:\\\/\\\/blogdoamazonas.com.br\\\/323401-seguranca-de-dados-e-foco-de-atencao-no-brasil\\\/#primaryimage\"},\"thumbnailUrl\":\"https:\\\/\\\/i0.wp.com\\\/blogdoamazonas.com.br\\\/wp-content\\\/uploads\\\/2025\\\/11\\\/dfd0dbe0-f348-4173-8bbd-d4be5dbfe6b6.jpg?fit=1200%2C800&ssl=1\",\"datePublished\":\"2025-11-27T00:00:00+00:00\",\"author\":{\"@id\":\"https:\\\/\\\/blogdoamazonas.com.br\\\/#\\\/schema\\\/person\\\/10573d2ff72c2f798c404610f3f58bc7\"},\"breadcrumb\":{\"@id\":\"https:\\\/\\\/blogdoamazonas.com.br\\\/323401-seguranca-de-dados-e-foco-de-atencao-no-brasil\\\/#breadcrumb\"},\"inLanguage\":\"en-US\",\"potentialAction\":[{\"@type\":\"ReadAction\",\"target\":[\"https:\\\/\\\/blogdoamazonas.com.br\\\/323401-seguranca-de-dados-e-foco-de-atencao-no-brasil\\\/\"]}]},{\"@type\":\"ImageObject\",\"inLanguage\":\"en-US\",\"@id\":\"https:\\\/\\\/blogdoamazonas.com.br\\\/323401-seguranca-de-dados-e-foco-de-atencao-no-brasil\\\/#primaryimage\",\"url\":\"https:\\\/\\\/i0.wp.com\\\/blogdoamazonas.com.br\\\/wp-content\\\/uploads\\\/2025\\\/11\\\/dfd0dbe0-f348-4173-8bbd-d4be5dbfe6b6.jpg?fit=1200%2C800&ssl=1\",\"contentUrl\":\"https:\\\/\\\/i0.wp.com\\\/blogdoamazonas.com.br\\\/wp-content\\\/uploads\\\/2025\\\/11\\\/dfd0dbe0-f348-4173-8bbd-d4be5dbfe6b6.jpg?fit=1200%2C800&ssl=1\",\"width\":1200,\"height\":800,\"caption\":\"Seguran\u00e7a de dados \u00e9 foco de aten\u00e7\u00e3o no Brasil\"},{\"@type\":\"BreadcrumbList\",\"@id\":\"https:\\\/\\\/blogdoamazonas.com.br\\\/323401-seguranca-de-dados-e-foco-de-atencao-no-brasil\\\/#breadcrumb\",\"itemListElement\":[{\"@type\":\"ListItem\",\"position\":1,\"name\":\"In\u00edcio\",\"item\":\"https:\\\/\\\/blogdoamazonas.com.br\\\/\"},{\"@type\":\"ListItem\",\"position\":2,\"name\":\"Seguran\u00e7a de dados \u00e9 foco de aten\u00e7\u00e3o no Brasil\"}]},{\"@type\":\"WebSite\",\"@id\":\"https:\\\/\\\/blogdoamazonas.com.br\\\/#website\",\"url\":\"https:\\\/\\\/blogdoamazonas.com.br\\\/\",\"name\":\"Blog do Amazonas\",\"description\":\"Not\u00edcias de Manaus, Amazonas e Brasil\",\"potentialAction\":[{\"@type\":\"SearchAction\",\"target\":{\"@type\":\"EntryPoint\",\"urlTemplate\":\"https:\\\/\\\/blogdoamazonas.com.br\\\/?s={search_term_string}\"},\"query-input\":{\"@type\":\"PropertyValueSpecification\",\"valueRequired\":true,\"valueName\":\"search_term_string\"}}],\"inLanguage\":\"en-US\"},{\"@type\":\"Person\",\"@id\":\"https:\\\/\\\/blogdoamazonas.com.br\\\/#\\\/schema\\\/person\\\/10573d2ff72c2f798c404610f3f58bc7\",\"name\":\"DINO\",\"image\":{\"@type\":\"ImageObject\",\"inLanguage\":\"en-US\",\"@id\":\"https:\\\/\\\/secure.gravatar.com\\\/avatar\\\/f29568383aedf96da155b6f87103b0e04b1c662f982055cda25086444ab33ff8?s=96&d=mm&r=g\",\"url\":\"https:\\\/\\\/secure.gravatar.com\\\/avatar\\\/f29568383aedf96da155b6f87103b0e04b1c662f982055cda25086444ab33ff8?s=96&d=mm&r=g\",\"contentUrl\":\"https:\\\/\\\/secure.gravatar.com\\\/avatar\\\/f29568383aedf96da155b6f87103b0e04b1c662f982055cda25086444ab33ff8?s=96&d=mm&r=g\",\"caption\":\"DINO\"},\"url\":\"https:\\\/\\\/blogdoamazonas.com.br\\\/en\\\/author\\\/DINO\\\/\"}]}<\/script>\n<!-- \/ Yoast SEO plugin. -->","yoast_head_json":{"title":"Seguran\u00e7a de dados \u00e9 foco de aten\u00e7\u00e3o no Brasil - Blog do Amazonas","robots":{"index":"index","follow":"follow","max-snippet":"max-snippet:-1","max-image-preview":"max-image-preview:large","max-video-preview":"max-video-preview:-1"},"canonical":"https:\/\/blogdoamazonas.com.br\/en\/323401-seguranca-de-dados-e-foco-de-atencao-no-brasil\/","og_locale":"en_US","og_type":"article","og_title":"Seguran\u00e7a de dados \u00e9 foco de aten\u00e7\u00e3o no Brasil - Blog do Amazonas","og_description":"Especialista da SISQUAL\u00ae WFM alerta para riscos em sistemas corporativos e refor\u00e7a a import\u00e2ncia da conscientiza\u00e7\u00e3o entre colaboradores","og_url":"https:\/\/blogdoamazonas.com.br\/en\/323401-seguranca-de-dados-e-foco-de-atencao-no-brasil\/","og_site_name":"Blog do Amazonas","article_published_time":"2025-11-27T00:00:00+00:00","og_image":[{"url":"https:\/\/api.dino.com.br\/v2\/news\/tr\/323401?partnerId=4428","type":"","width":"","height":""}],"author":"DINO","twitter_card":"summary_large_image","twitter_misc":{"Written by":"DINO","Est. reading time":"4 minutes"},"schema":{"@context":"https:\/\/schema.org","@graph":[{"@type":"Article","@id":"https:\/\/blogdoamazonas.com.br\/323401-seguranca-de-dados-e-foco-de-atencao-no-brasil\/#article","isPartOf":{"@id":"https:\/\/blogdoamazonas.com.br\/323401-seguranca-de-dados-e-foco-de-atencao-no-brasil\/"},"author":{"name":"DINO","@id":"https:\/\/blogdoamazonas.com.br\/#\/schema\/person\/10573d2ff72c2f798c404610f3f58bc7"},"headline":"Seguran\u00e7a de dados \u00e9 foco de aten\u00e7\u00e3o no Brasil","datePublished":"2025-11-27T00:00:00+00:00","mainEntityOfPage":{"@id":"https:\/\/blogdoamazonas.com.br\/323401-seguranca-de-dados-e-foco-de-atencao-no-brasil\/"},"wordCount":813,"commentCount":0,"image":{"@id":"https:\/\/blogdoamazonas.com.br\/323401-seguranca-de-dados-e-foco-de-atencao-no-brasil\/#primaryimage"},"thumbnailUrl":"https:\/\/i0.wp.com\/blogdoamazonas.com.br\/wp-content\/uploads\/2025\/11\/dfd0dbe0-f348-4173-8bbd-d4be5dbfe6b6.jpg?fit=1200%2C800&ssl=1","keywords":["NEG\u00d3CIOS","POL\u00cdTICAS","SOCIEDADE","TECNOLOGIA"],"articleSection":["Not\u00edcias Corporativas"],"inLanguage":"en-US","potentialAction":[{"@type":"CommentAction","name":"Comment","target":["https:\/\/blogdoamazonas.com.br\/323401-seguranca-de-dados-e-foco-de-atencao-no-brasil\/#respond"]}]},{"@type":"WebPage","@id":"https:\/\/blogdoamazonas.com.br\/323401-seguranca-de-dados-e-foco-de-atencao-no-brasil\/","url":"https:\/\/blogdoamazonas.com.br\/323401-seguranca-de-dados-e-foco-de-atencao-no-brasil\/","name":"Seguran\u00e7a de dados \u00e9 foco de aten\u00e7\u00e3o no Brasil - Blog do Amazonas","isPartOf":{"@id":"https:\/\/blogdoamazonas.com.br\/#website"},"primaryImageOfPage":{"@id":"https:\/\/blogdoamazonas.com.br\/323401-seguranca-de-dados-e-foco-de-atencao-no-brasil\/#primaryimage"},"image":{"@id":"https:\/\/blogdoamazonas.com.br\/323401-seguranca-de-dados-e-foco-de-atencao-no-brasil\/#primaryimage"},"thumbnailUrl":"https:\/\/i0.wp.com\/blogdoamazonas.com.br\/wp-content\/uploads\/2025\/11\/dfd0dbe0-f348-4173-8bbd-d4be5dbfe6b6.jpg?fit=1200%2C800&ssl=1","datePublished":"2025-11-27T00:00:00+00:00","author":{"@id":"https:\/\/blogdoamazonas.com.br\/#\/schema\/person\/10573d2ff72c2f798c404610f3f58bc7"},"breadcrumb":{"@id":"https:\/\/blogdoamazonas.com.br\/323401-seguranca-de-dados-e-foco-de-atencao-no-brasil\/#breadcrumb"},"inLanguage":"en-US","potentialAction":[{"@type":"ReadAction","target":["https:\/\/blogdoamazonas.com.br\/323401-seguranca-de-dados-e-foco-de-atencao-no-brasil\/"]}]},{"@type":"ImageObject","inLanguage":"en-US","@id":"https:\/\/blogdoamazonas.com.br\/323401-seguranca-de-dados-e-foco-de-atencao-no-brasil\/#primaryimage","url":"https:\/\/i0.wp.com\/blogdoamazonas.com.br\/wp-content\/uploads\/2025\/11\/dfd0dbe0-f348-4173-8bbd-d4be5dbfe6b6.jpg?fit=1200%2C800&ssl=1","contentUrl":"https:\/\/i0.wp.com\/blogdoamazonas.com.br\/wp-content\/uploads\/2025\/11\/dfd0dbe0-f348-4173-8bbd-d4be5dbfe6b6.jpg?fit=1200%2C800&ssl=1","width":1200,"height":800,"caption":"Seguran\u00e7a de dados \u00e9 foco de aten\u00e7\u00e3o no Brasil"},{"@type":"BreadcrumbList","@id":"https:\/\/blogdoamazonas.com.br\/323401-seguranca-de-dados-e-foco-de-atencao-no-brasil\/#breadcrumb","itemListElement":[{"@type":"ListItem","position":1,"name":"In\u00edcio","item":"https:\/\/blogdoamazonas.com.br\/"},{"@type":"ListItem","position":2,"name":"Seguran\u00e7a de dados \u00e9 foco de aten\u00e7\u00e3o no Brasil"}]},{"@type":"WebSite","@id":"https:\/\/blogdoamazonas.com.br\/#website","url":"https:\/\/blogdoamazonas.com.br\/","name":"Blog do Amazonas","description":"Not\u00edcias de Manaus, Amazonas e Brasil","potentialAction":[{"@type":"SearchAction","target":{"@type":"EntryPoint","urlTemplate":"https:\/\/blogdoamazonas.com.br\/?s={search_term_string}"},"query-input":{"@type":"PropertyValueSpecification","valueRequired":true,"valueName":"search_term_string"}}],"inLanguage":"en-US"},{"@type":"Person","@id":"https:\/\/blogdoamazonas.com.br\/#\/schema\/person\/10573d2ff72c2f798c404610f3f58bc7","name":"DINO","image":{"@type":"ImageObject","inLanguage":"en-US","@id":"https:\/\/secure.gravatar.com\/avatar\/f29568383aedf96da155b6f87103b0e04b1c662f982055cda25086444ab33ff8?s=96&d=mm&r=g","url":"https:\/\/secure.gravatar.com\/avatar\/f29568383aedf96da155b6f87103b0e04b1c662f982055cda25086444ab33ff8?s=96&d=mm&r=g","contentUrl":"https:\/\/secure.gravatar.com\/avatar\/f29568383aedf96da155b6f87103b0e04b1c662f982055cda25086444ab33ff8?s=96&d=mm&r=g","caption":"DINO"},"url":"https:\/\/blogdoamazonas.com.br\/en\/author\/DINO\/"}]}},"jetpack_publicize_connections":[],"jetpack_featured_media_url":"https:\/\/i0.wp.com\/blogdoamazonas.com.br\/wp-content\/uploads\/2025\/11\/dfd0dbe0-f348-4173-8bbd-d4be5dbfe6b6.jpg?fit=1200%2C800&ssl=1","jetpack-related-posts":[{"id":3110,"url":"https:\/\/blogdoamazonas.com.br\/en\/324705-wfm-automacao-pode-transformar-gestao-operacional-em-2026\/","url_meta":{"origin":1317,"position":0},"title":"WFM: automa\u00e7\u00e3o pode transformar gest\u00e3o operacional em 2026","author":"DINO","date":"December 18, 2025","format":false,"excerpt":"Proje\u00e7\u00e3o de tamanho do mercado global para o pr\u00f3ximo ano \u00e9 de US$ 5,25 bilh\u00f5es. Pedro Cabral, COO da SISQUAL\u00ae WFM aponta evolu\u00e7\u00e3o de ferramenta operacional para plataforma estrat\u00e9gica, com ecossistemas integrados e papel relevante na agenda ESG","rel":"","context":"In &quot;Not\u00edcias Corporativas&quot;","block_context":{"text":"Not\u00edcias Corporativas","link":"https:\/\/blogdoamazonas.com.br\/en\/categoria\/noticias-corporativas-dino\/"},"img":{"alt_text":"WFM: automa\u00e7\u00e3o pode transformar gest\u00e3o operacional em 2026","src":"https:\/\/i0.wp.com\/blogdoamazonas.com.br\/wp-content\/uploads\/2025\/12\/c7c1f41c-88e2-4576-a4eb-157ecd7449c5.jpg?fit=1200%2C756&ssl=1&resize=350%2C200","width":350,"height":200,"srcset":"https:\/\/i0.wp.com\/blogdoamazonas.com.br\/wp-content\/uploads\/2025\/12\/c7c1f41c-88e2-4576-a4eb-157ecd7449c5.jpg?fit=1200%2C756&ssl=1&resize=350%2C200 1x, https:\/\/i0.wp.com\/blogdoamazonas.com.br\/wp-content\/uploads\/2025\/12\/c7c1f41c-88e2-4576-a4eb-157ecd7449c5.jpg?fit=1200%2C756&ssl=1&resize=525%2C300 1.5x, https:\/\/i0.wp.com\/blogdoamazonas.com.br\/wp-content\/uploads\/2025\/12\/c7c1f41c-88e2-4576-a4eb-157ecd7449c5.jpg?fit=1200%2C756&ssl=1&resize=700%2C400 2x, https:\/\/i0.wp.com\/blogdoamazonas.com.br\/wp-content\/uploads\/2025\/12\/c7c1f41c-88e2-4576-a4eb-157ecd7449c5.jpg?fit=1200%2C756&ssl=1&resize=1050%2C600 3x"},"classes":[]},{"id":5079,"url":"https:\/\/blogdoamazonas.com.br\/en\/326507-sisqual-wfm-apresenta-novidades-na-nrf-2026-em-nova-york\/","url_meta":{"origin":1317,"position":1},"title":"SISQUAL\u00ae WFM apresenta novidades na NRF 2026 em Nova York","author":"DINO","date":"January 26, 2026","format":false,"excerpt":"Empresa refor\u00e7a presen\u00e7a internacional e lan\u00e7a solu\u00e7\u00e3o digital para gest\u00e3o da for\u00e7a de trabalho","rel":"","context":"In &quot;Not\u00edcias Corporativas&quot;","block_context":{"text":"Not\u00edcias Corporativas","link":"https:\/\/blogdoamazonas.com.br\/en\/categoria\/noticias-corporativas-dino\/"},"img":{"alt_text":"SISQUAL\u00ae WFM apresenta novidades na NRF 2026 em Nova York","src":"https:\/\/i0.wp.com\/blogdoamazonas.com.br\/wp-content\/uploads\/2026\/01\/0153a944-c683-45f5-a7e4-d25213b8f073.jpeg?fit=1200%2C675&ssl=1&resize=350%2C200","width":350,"height":200,"srcset":"https:\/\/i0.wp.com\/blogdoamazonas.com.br\/wp-content\/uploads\/2026\/01\/0153a944-c683-45f5-a7e4-d25213b8f073.jpeg?fit=1200%2C675&ssl=1&resize=350%2C200 1x, https:\/\/i0.wp.com\/blogdoamazonas.com.br\/wp-content\/uploads\/2026\/01\/0153a944-c683-45f5-a7e4-d25213b8f073.jpeg?fit=1200%2C675&ssl=1&resize=525%2C300 1.5x, https:\/\/i0.wp.com\/blogdoamazonas.com.br\/wp-content\/uploads\/2026\/01\/0153a944-c683-45f5-a7e4-d25213b8f073.jpeg?fit=1200%2C675&ssl=1&resize=700%2C400 2x, https:\/\/i0.wp.com\/blogdoamazonas.com.br\/wp-content\/uploads\/2026\/01\/0153a944-c683-45f5-a7e4-d25213b8f073.jpeg?fit=1200%2C675&ssl=1&resize=1050%2C600 3x"},"classes":[]},{"id":6654,"url":"https:\/\/blogdoamazonas.com.br\/en\/326906-sisqual-wfm-lanca-solucao-digital-para-gestao-de-documentos\/","url_meta":{"origin":1317,"position":2},"title":"SISQUAL\u00ae WFM lan\u00e7a solu\u00e7\u00e3o digital para gest\u00e3o de documentos","author":"DINO","date":"February 12, 2026","format":false,"excerpt":"O novo sistema de assinatura eletr\u00f4nica pode simplificar processos de Recursos Humanos, refor\u00e7ando a seguran\u00e7a e a efici\u00eancia administrativa.","rel":"","context":"In &quot;Not\u00edcias Corporativas&quot;","block_context":{"text":"Not\u00edcias Corporativas","link":"https:\/\/blogdoamazonas.com.br\/en\/categoria\/noticias-corporativas-dino\/"},"img":{"alt_text":"SISQUAL\u00ae WFM lan\u00e7a solu\u00e7\u00e3o digital para gest\u00e3o de documentos","src":"https:\/\/i0.wp.com\/blogdoamazonas.com.br\/wp-content\/uploads\/2026\/02\/87fcf421-9095-4743-84c6-f63e44e233db.png?fit=1200%2C675&ssl=1&resize=350%2C200","width":350,"height":200,"srcset":"https:\/\/i0.wp.com\/blogdoamazonas.com.br\/wp-content\/uploads\/2026\/02\/87fcf421-9095-4743-84c6-f63e44e233db.png?fit=1200%2C675&ssl=1&resize=350%2C200 1x, https:\/\/i0.wp.com\/blogdoamazonas.com.br\/wp-content\/uploads\/2026\/02\/87fcf421-9095-4743-84c6-f63e44e233db.png?fit=1200%2C675&ssl=1&resize=525%2C300 1.5x, https:\/\/i0.wp.com\/blogdoamazonas.com.br\/wp-content\/uploads\/2026\/02\/87fcf421-9095-4743-84c6-f63e44e233db.png?fit=1200%2C675&ssl=1&resize=700%2C400 2x, https:\/\/i0.wp.com\/blogdoamazonas.com.br\/wp-content\/uploads\/2026\/02\/87fcf421-9095-4743-84c6-f63e44e233db.png?fit=1200%2C675&ssl=1&resize=1050%2C600 3x"},"classes":[]},{"id":6051,"url":"https:\/\/blogdoamazonas.com.br\/en\/326897-digitalizacao-avanca-nos-setores-de-rh-no-brasil\/","url_meta":{"origin":1317,"position":3},"title":"Digitaliza\u00e7\u00e3o avan\u00e7a nos setores de RH no Brasil","author":"DINO","date":"February 4, 2026","format":false,"excerpt":"Empresas investem em solu\u00e7\u00f5es digitais para garantir rastreabilidade, seguran\u00e7a jur\u00eddica e maior controle de documentos","rel":"","context":"In &quot;Not\u00edcias Corporativas&quot;","block_context":{"text":"Not\u00edcias Corporativas","link":"https:\/\/blogdoamazonas.com.br\/en\/categoria\/noticias-corporativas-dino\/"},"img":{"alt_text":"Digitaliza\u00e7\u00e3o avan\u00e7a nos setores de RH no Brasil","src":"https:\/\/i0.wp.com\/blogdoamazonas.com.br\/wp-content\/uploads\/2026\/02\/7c52afc3-feb3-4a60-b72f-ec8de1e5d9d2.png?fit=1200%2C627&ssl=1&resize=350%2C200","width":350,"height":200,"srcset":"https:\/\/i0.wp.com\/blogdoamazonas.com.br\/wp-content\/uploads\/2026\/02\/7c52afc3-feb3-4a60-b72f-ec8de1e5d9d2.png?fit=1200%2C627&ssl=1&resize=350%2C200 1x, https:\/\/i0.wp.com\/blogdoamazonas.com.br\/wp-content\/uploads\/2026\/02\/7c52afc3-feb3-4a60-b72f-ec8de1e5d9d2.png?fit=1200%2C627&ssl=1&resize=525%2C300 1.5x, https:\/\/i0.wp.com\/blogdoamazonas.com.br\/wp-content\/uploads\/2026\/02\/7c52afc3-feb3-4a60-b72f-ec8de1e5d9d2.png?fit=1200%2C627&ssl=1&resize=700%2C400 2x, https:\/\/i0.wp.com\/blogdoamazonas.com.br\/wp-content\/uploads\/2026\/02\/7c52afc3-feb3-4a60-b72f-ec8de1e5d9d2.png?fit=1200%2C627&ssl=1&resize=1050%2C600 3x"},"classes":[]},{"id":2892,"url":"https:\/\/blogdoamazonas.com.br\/en\/324706-sisqual-participa-do-premio-100-mais-influentes-da-saude\/","url_meta":{"origin":1317,"position":4},"title":"SISQUAL participa do pr\u00eamio 100 Mais Influentes da Sa\u00fade","author":"DINO","date":"December 16, 2025","format":false,"excerpt":"O evento foi realizado pelo Grupo M\u00eddia em S\u00e3o Paulo (SP). Vice-presidente da SISQUAL\u00ae WFM faz balan\u00e7o sobre a premia\u00e7\u00e3o e tra\u00e7a panorama do setor","rel":"","context":"In &quot;Not\u00edcias Corporativas&quot;","block_context":{"text":"Not\u00edcias Corporativas","link":"https:\/\/blogdoamazonas.com.br\/en\/categoria\/noticias-corporativas-dino\/"},"img":{"alt_text":"SISQUAL participa do pr\u00eamio 100 Mais Influentes da Sa\u00fade","src":"https:\/\/i0.wp.com\/blogdoamazonas.com.br\/wp-content\/uploads\/2025\/12\/27a0c780-eee8-4070-b9cb-6d3d19049be6.jpg?fit=1199%2C800&ssl=1&resize=350%2C200","width":350,"height":200,"srcset":"https:\/\/i0.wp.com\/blogdoamazonas.com.br\/wp-content\/uploads\/2025\/12\/27a0c780-eee8-4070-b9cb-6d3d19049be6.jpg?fit=1199%2C800&ssl=1&resize=350%2C200 1x, https:\/\/i0.wp.com\/blogdoamazonas.com.br\/wp-content\/uploads\/2025\/12\/27a0c780-eee8-4070-b9cb-6d3d19049be6.jpg?fit=1199%2C800&ssl=1&resize=525%2C300 1.5x, https:\/\/i0.wp.com\/blogdoamazonas.com.br\/wp-content\/uploads\/2025\/12\/27a0c780-eee8-4070-b9cb-6d3d19049be6.jpg?fit=1199%2C800&ssl=1&resize=700%2C400 2x, https:\/\/i0.wp.com\/blogdoamazonas.com.br\/wp-content\/uploads\/2025\/12\/27a0c780-eee8-4070-b9cb-6d3d19049be6.jpg?fit=1199%2C800&ssl=1&resize=1050%2C600 3x"},"classes":[]},{"id":10126,"url":"https:\/\/blogdoamazonas.com.br\/en\/326904-sisqual-wfm-lanca-plataforma-de-comunicacao-para-empresas\/","url_meta":{"origin":1317,"position":5},"title":"SISQUAL\u00ae WFM lan\u00e7a plataforma de comunica\u00e7\u00e3o para empresas","author":"DINO","date":"March 23, 2026","format":false,"excerpt":"Nova solu\u00e7\u00e3o, chamada de SISQUAL\u00ae Messenger, se prop\u00f5e a conectar colaboradores e gestores em um \u00fanico ambiente integrado e alinhado \u00e0 din\u00e2mica operacional de empresas com diferentes escalas e turnos de trabalho.","rel":"","context":"In &quot;Not\u00edcias Corporativas&quot;","block_context":{"text":"Not\u00edcias Corporativas","link":"https:\/\/blogdoamazonas.com.br\/en\/categoria\/noticias-corporativas-dino\/"},"img":{"alt_text":"SISQUAL\u00ae WFM lan\u00e7a plataforma de comunica\u00e7\u00e3o para empresas","src":"https:\/\/i0.wp.com\/blogdoamazonas.com.br\/wp-content\/uploads\/2026\/03\/d90b8cbd-d1e6-43d2-84f0-655c20274ae3.jpg?fit=1200%2C627&ssl=1&resize=350%2C200","width":350,"height":200,"srcset":"https:\/\/i0.wp.com\/blogdoamazonas.com.br\/wp-content\/uploads\/2026\/03\/d90b8cbd-d1e6-43d2-84f0-655c20274ae3.jpg?fit=1200%2C627&ssl=1&resize=350%2C200 1x, https:\/\/i0.wp.com\/blogdoamazonas.com.br\/wp-content\/uploads\/2026\/03\/d90b8cbd-d1e6-43d2-84f0-655c20274ae3.jpg?fit=1200%2C627&ssl=1&resize=525%2C300 1.5x, https:\/\/i0.wp.com\/blogdoamazonas.com.br\/wp-content\/uploads\/2026\/03\/d90b8cbd-d1e6-43d2-84f0-655c20274ae3.jpg?fit=1200%2C627&ssl=1&resize=700%2C400 2x, https:\/\/i0.wp.com\/blogdoamazonas.com.br\/wp-content\/uploads\/2026\/03\/d90b8cbd-d1e6-43d2-84f0-655c20274ae3.jpg?fit=1200%2C627&ssl=1&resize=1050%2C600 3x"},"classes":[]}],"jetpack_sharing_enabled":true,"jetpack_shortlink":"https:\/\/wp.me\/pcvwls-lf","_links":{"self":[{"href":"https:\/\/blogdoamazonas.com.br\/en\/wp-json\/wp\/v2\/posts\/1317","targetHints":{"allow":["GET"]}}],"collection":[{"href":"https:\/\/blogdoamazonas.com.br\/en\/wp-json\/wp\/v2\/posts"}],"about":[{"href":"https:\/\/blogdoamazonas.com.br\/en\/wp-json\/wp\/v2\/types\/post"}],"author":[{"embeddable":true,"href":"https:\/\/blogdoamazonas.com.br\/en\/wp-json\/wp\/v2\/users\/2"}],"replies":[{"embeddable":true,"href":"https:\/\/blogdoamazonas.com.br\/en\/wp-json\/wp\/v2\/comments?post=1317"}],"version-history":[{"count":0,"href":"https:\/\/blogdoamazonas.com.br\/en\/wp-json\/wp\/v2\/posts\/1317\/revisions"}],"wp:featuredmedia":[{"embeddable":true,"href":"https:\/\/blogdoamazonas.com.br\/en\/wp-json\/wp\/v2\/media\/1318"}],"wp:attachment":[{"href":"https:\/\/blogdoamazonas.com.br\/en\/wp-json\/wp\/v2\/media?parent=1317"}],"wp:term":[{"taxonomy":"category","embeddable":true,"href":"https:\/\/blogdoamazonas.com.br\/en\/wp-json\/wp\/v2\/categories?post=1317"},{"taxonomy":"post_tag","embeddable":true,"href":"https:\/\/blogdoamazonas.com.br\/en\/wp-json\/wp\/v2\/tags?post=1317"}],"curies":[{"name":"wp","href":"https:\/\/api.w.org\/{rel}","templated":true}]}}