{"id":14202,"date":"2026-04-27T00:00:00","date_gmt":"2026-04-27T00:00:00","guid":{"rendered":"https:\/\/blogdoamazonas.com.br\/327812-abb-tem-vagas-de-estagio-em-sao-paulo-e-sorocaba\/"},"modified":"2026-04-27T00:00:00","modified_gmt":"2026-04-27T00:00:00","slug":"327812-abb-tem-vagas-de-estagio-em-sao-paulo-e-sorocaba","status":"publish","type":"post","link":"https:\/\/blogdoamazonas.com.br\/en\/327812-abb-tem-vagas-de-estagio-em-sao-paulo-e-sorocaba\/","title":{"rendered":"ABB tem vagas de est\u00e1gio em S\u00e3o Paulo e Sorocaba"},"content":{"rendered":"<p>A multinacional su\u00ed\u00e7o-sueca ABB, de eletrifica\u00e7\u00e3o e automa\u00e7\u00e3o industrial, abriu inscri\u00e7\u00f5es para seu Programa de Est\u00e1gio 2026, com prazo at\u00e9 4 de maio e candidaturas somente pelo site da <a rel=\"follow\" href=\"https:\/\/abb.wd3.myworkdayjobs.com\/pt-BR\/External_Career_Page\/job\/So-Paulo-So-Paulo-Brazil\/Programa-de-Estgio-ABB-2026_JR00023706?utm_source=M%C3%ADdia-ct&amp;utm_medium=Vaga_Site_CT&amp;utm_content=EB+Anual_Programa_de_Estagio\/?utm_source=estagiotrainee.com\">empresa<\/a>.<\/p>\n<p>As oportunidades s\u00e3o dirigidas a estudantes de Engenharia (Controle e Automa\u00e7\u00e3o, El\u00e9trica, Mec\u00e2nica, Mecatr\u00f4nica ou Produ\u00e7\u00e3o), Administra\u00e7\u00e3o de Empresas, Contabilidade, Economia, Com\u00e9rcio Exterior ou \u00e1reas correlatas, com ingl\u00eas intermedi\u00e1rio e matriculados em cursos com conclus\u00e3o prevista entre julho de 2027 e julho de 2028.<\/p>\n<p>Com carga hor\u00e1ria de meio per\u00edodo, as vagas ser\u00e3o exercidas em diferentes departamentos da ABB na sede administrativa da empresa em S\u00e3o Paulo (SP) e na f\u00e1brica de Sorocaba (SP). Ao longo do programa, os selecionados v\u00e3o passar por trilhas de desenvolvimento e atuar em equipes multidisciplinares, desenvolvendo projetos de alta complexidade.<\/p>\n<p>Tamb\u00e9m v\u00e3o desenvolver um projeto com foco em inova\u00e7\u00e3o ou melhoria de processos, que ser\u00e1 avaliado pela alta lideran\u00e7a da ABB. &quot;Muitos de nossos diretores iniciaram na ABB como estagi\u00e1rios. Nossa expectativa \u00e9 que o programa nos permita seguir encontrando jovens talentos que possamos preparar para exercer fun\u00e7\u00f5es de destaque no futuro&quot;, afirma Juliana Molognoni, HR Leader da ABB no Brasil.<\/p>\n<p>De acordo com Juliana Molognoni, cerca de 80% dos estagi\u00e1rios da ABB acabam efetivados ao fim do programa. J\u00e1 em fun\u00e7\u00f5es efetivas, al\u00e9m das oportunidades dispon\u00edveis nas unidades onde atuam, eles tamb\u00e9m podem se candidatar a vagas de outras \u00e1reas, inclusive no exterior, pelo programa Open Job Market.<\/p>\n<p>No programa, as vagas s\u00e3o ofertadas primeiro para os colaboradores da ABB. A candidatura n\u00e3o depende do aval do l\u00edder imediato. Das cerca de 15 mil posi\u00e7\u00f5es abertas por ano pela ABB no mundo, 30% s\u00e3o preenchidas pelo programa.<\/p>\n<p>A ABB tamb\u00e9m tem buscado distribuir posi\u00e7\u00f5es internacionais-chave entre os mais de 100 pa\u00edses onde atua, inclusive no Brasil, para permitir que profissionais com filhos pequenos, por exemplo, n\u00e3o precisem deixar seus pa\u00edses para trilhar carreiras internacionais.<\/p>\n<p><img src='https:\/\/api.dino.com.br\/v2\/news\/tr\/327812?partnerId=4428' alt=\"\" style=\"border:0px;width:1px;height:1px;\" \/><\/p>\n<input type=\"hidden\" id=\"baseurl\" value=\"https:\/\/blogdoamazonas.com.br\/en\"><input type=\"hidden\" id=\"audio_nonce\" value=\"877920839f\">","protected":false},"excerpt":{"rendered":"<p>Dirigidas a estudantes de diversos cursos, inscri\u00e7\u00f5es seguem abertas somente no site da empresa at\u00e9 4 de maio<\/p>","protected":false},"author":2,"featured_media":0,"comment_status":"open","ping_status":"open","sticky":false,"template":"","format":"standard","meta":{"jetpack_post_was_ever_published":false,"_jetpack_newsletter_access":"","_jetpack_dont_email_post_to_subs":false,"_jetpack_newsletter_tier_id":0,"_jetpack_memberships_contains_paywalled_content":false,"_jetpack_memberships_contains_paid_content":false,"footnotes":"","jetpack_publicize_message":"","jetpack_publicize_feature_enabled":true,"jetpack_social_post_already_shared":true,"jetpack_social_options":{"image_generator_settings":{"template":"highway","default_image_id":0,"font":"","enabled":false},"version":2}},"categories":[21],"tags":[39,75,37,36,45],"class_list":["post-14202","post","type-post","status-publish","format-standard","hentry","category-noticias-corporativas-dino","tag-economia","tag-engenharia","tag-industrias","tag-negocios","tag-tecnologia"],"yoast_head":"<!-- This site is optimized with the Yoast SEO plugin v27.4 - https:\/\/yoast.com\/product\/yoast-seo-wordpress\/ -->\n<title>ABB tem vagas de est\u00e1gio em S\u00e3o Paulo e Sorocaba - Blog do Amazonas<\/title>\n<meta name=\"robots\" content=\"index, follow, max-snippet:-1, max-image-preview:large, max-video-preview:-1\" \/>\n<link rel=\"canonical\" href=\"https:\/\/blogdoamazonas.com.br\/en\/327812-abb-tem-vagas-de-estagio-em-sao-paulo-e-sorocaba\/\" \/>\n<meta property=\"og:locale\" content=\"en_US\" \/>\n<meta property=\"og:type\" content=\"article\" \/>\n<meta property=\"og:title\" content=\"ABB tem vagas de est\u00e1gio em S\u00e3o Paulo e Sorocaba - Blog do Amazonas\" \/>\n<meta property=\"og:description\" content=\"Dirigidas a estudantes de diversos cursos, inscri\u00e7\u00f5es seguem abertas somente no site da empresa at\u00e9 4 de maio\" \/>\n<meta property=\"og:url\" content=\"https:\/\/blogdoamazonas.com.br\/en\/327812-abb-tem-vagas-de-estagio-em-sao-paulo-e-sorocaba\/\" \/>\n<meta property=\"og:site_name\" content=\"Blog do Amazonas\" \/>\n<meta property=\"article:published_time\" content=\"2026-04-27T00:00:00+00:00\" \/>\n<meta property=\"og:image\" content=\"https:\/\/api.dino.com.br\/v2\/news\/tr\/327812?partnerId=4428\" \/>\n<meta name=\"author\" content=\"DINO\" \/>\n<meta name=\"twitter:card\" content=\"summary_large_image\" \/>\n<meta name=\"twitter:label1\" content=\"Written by\" \/>\n\t<meta name=\"twitter:data1\" content=\"DINO\" \/>\n\t<meta name=\"twitter:label2\" content=\"Est. reading time\" \/>\n\t<meta name=\"twitter:data2\" content=\"2 minutes\" \/>\n<script type=\"application\/ld+json\" class=\"yoast-schema-graph\">{\"@context\":\"https:\\\/\\\/schema.org\",\"@graph\":[{\"@type\":\"Article\",\"@id\":\"https:\\\/\\\/blogdoamazonas.com.br\\\/327812-abb-tem-vagas-de-estagio-em-sao-paulo-e-sorocaba\\\/#article\",\"isPartOf\":{\"@id\":\"https:\\\/\\\/blogdoamazonas.com.br\\\/327812-abb-tem-vagas-de-estagio-em-sao-paulo-e-sorocaba\\\/\"},\"author\":{\"name\":\"DINO\",\"@id\":\"https:\\\/\\\/blogdoamazonas.com.br\\\/#\\\/schema\\\/person\\\/10573d2ff72c2f798c404610f3f58bc7\"},\"headline\":\"ABB tem vagas de est\u00e1gio em S\u00e3o Paulo e Sorocaba\",\"datePublished\":\"2026-04-27T00:00:00+00:00\",\"mainEntityOfPage\":{\"@id\":\"https:\\\/\\\/blogdoamazonas.com.br\\\/327812-abb-tem-vagas-de-estagio-em-sao-paulo-e-sorocaba\\\/\"},\"wordCount\":359,\"commentCount\":0,\"image\":{\"@id\":\"https:\\\/\\\/blogdoamazonas.com.br\\\/327812-abb-tem-vagas-de-estagio-em-sao-paulo-e-sorocaba\\\/#primaryimage\"},\"thumbnailUrl\":\"https:\\\/\\\/api.dino.com.br\\\/v2\\\/news\\\/tr\\\/327812?partnerId=4428\",\"keywords\":[\"ECONOMIA\",\"ENGENHARIA\",\"IND\u00daSTRIAS\",\"NEG\u00d3CIOS\",\"TECNOLOGIA\"],\"articleSection\":[\"Not\u00edcias Corporativas\"],\"inLanguage\":\"en-US\",\"potentialAction\":[{\"@type\":\"CommentAction\",\"name\":\"Comment\",\"target\":[\"https:\\\/\\\/blogdoamazonas.com.br\\\/327812-abb-tem-vagas-de-estagio-em-sao-paulo-e-sorocaba\\\/#respond\"]}]},{\"@type\":\"WebPage\",\"@id\":\"https:\\\/\\\/blogdoamazonas.com.br\\\/327812-abb-tem-vagas-de-estagio-em-sao-paulo-e-sorocaba\\\/\",\"url\":\"https:\\\/\\\/blogdoamazonas.com.br\\\/327812-abb-tem-vagas-de-estagio-em-sao-paulo-e-sorocaba\\\/\",\"name\":\"ABB tem vagas de est\u00e1gio em S\u00e3o Paulo e Sorocaba - Blog do Amazonas\",\"isPartOf\":{\"@id\":\"https:\\\/\\\/blogdoamazonas.com.br\\\/#website\"},\"primaryImageOfPage\":{\"@id\":\"https:\\\/\\\/blogdoamazonas.com.br\\\/327812-abb-tem-vagas-de-estagio-em-sao-paulo-e-sorocaba\\\/#primaryimage\"},\"image\":{\"@id\":\"https:\\\/\\\/blogdoamazonas.com.br\\\/327812-abb-tem-vagas-de-estagio-em-sao-paulo-e-sorocaba\\\/#primaryimage\"},\"thumbnailUrl\":\"https:\\\/\\\/api.dino.com.br\\\/v2\\\/news\\\/tr\\\/327812?partnerId=4428\",\"datePublished\":\"2026-04-27T00:00:00+00:00\",\"author\":{\"@id\":\"https:\\\/\\\/blogdoamazonas.com.br\\\/#\\\/schema\\\/person\\\/10573d2ff72c2f798c404610f3f58bc7\"},\"breadcrumb\":{\"@id\":\"https:\\\/\\\/blogdoamazonas.com.br\\\/327812-abb-tem-vagas-de-estagio-em-sao-paulo-e-sorocaba\\\/#breadcrumb\"},\"inLanguage\":\"en-US\",\"potentialAction\":[{\"@type\":\"ReadAction\",\"target\":[\"https:\\\/\\\/blogdoamazonas.com.br\\\/327812-abb-tem-vagas-de-estagio-em-sao-paulo-e-sorocaba\\\/\"]}]},{\"@type\":\"ImageObject\",\"inLanguage\":\"en-US\",\"@id\":\"https:\\\/\\\/blogdoamazonas.com.br\\\/327812-abb-tem-vagas-de-estagio-em-sao-paulo-e-sorocaba\\\/#primaryimage\",\"url\":\"https:\\\/\\\/api.dino.com.br\\\/v2\\\/news\\\/tr\\\/327812?partnerId=4428\",\"contentUrl\":\"https:\\\/\\\/api.dino.com.br\\\/v2\\\/news\\\/tr\\\/327812?partnerId=4428\"},{\"@type\":\"BreadcrumbList\",\"@id\":\"https:\\\/\\\/blogdoamazonas.com.br\\\/327812-abb-tem-vagas-de-estagio-em-sao-paulo-e-sorocaba\\\/#breadcrumb\",\"itemListElement\":[{\"@type\":\"ListItem\",\"position\":1,\"name\":\"In\u00edcio\",\"item\":\"https:\\\/\\\/blogdoamazonas.com.br\\\/\"},{\"@type\":\"ListItem\",\"position\":2,\"name\":\"ABB tem vagas de est\u00e1gio em S\u00e3o Paulo e Sorocaba\"}]},{\"@type\":\"WebSite\",\"@id\":\"https:\\\/\\\/blogdoamazonas.com.br\\\/#website\",\"url\":\"https:\\\/\\\/blogdoamazonas.com.br\\\/\",\"name\":\"Blog do Amazonas\",\"description\":\"Not\u00edcias de Manaus, Amazonas e Brasil\",\"potentialAction\":[{\"@type\":\"SearchAction\",\"target\":{\"@type\":\"EntryPoint\",\"urlTemplate\":\"https:\\\/\\\/blogdoamazonas.com.br\\\/?s={search_term_string}\"},\"query-input\":{\"@type\":\"PropertyValueSpecification\",\"valueRequired\":true,\"valueName\":\"search_term_string\"}}],\"inLanguage\":\"en-US\"},{\"@type\":\"Person\",\"@id\":\"https:\\\/\\\/blogdoamazonas.com.br\\\/#\\\/schema\\\/person\\\/10573d2ff72c2f798c404610f3f58bc7\",\"name\":\"DINO\",\"image\":{\"@type\":\"ImageObject\",\"inLanguage\":\"en-US\",\"@id\":\"https:\\\/\\\/secure.gravatar.com\\\/avatar\\\/f29568383aedf96da155b6f87103b0e04b1c662f982055cda25086444ab33ff8?s=96&d=mm&r=g\",\"url\":\"https:\\\/\\\/secure.gravatar.com\\\/avatar\\\/f29568383aedf96da155b6f87103b0e04b1c662f982055cda25086444ab33ff8?s=96&d=mm&r=g\",\"contentUrl\":\"https:\\\/\\\/secure.gravatar.com\\\/avatar\\\/f29568383aedf96da155b6f87103b0e04b1c662f982055cda25086444ab33ff8?s=96&d=mm&r=g\",\"caption\":\"DINO\"},\"url\":\"https:\\\/\\\/blogdoamazonas.com.br\\\/en\\\/author\\\/DINO\\\/\"}]}<\/script>\n<!-- \/ Yoast SEO plugin. -->","yoast_head_json":{"title":"ABB tem vagas de est\u00e1gio em S\u00e3o Paulo e Sorocaba - Blog do Amazonas","robots":{"index":"index","follow":"follow","max-snippet":"max-snippet:-1","max-image-preview":"max-image-preview:large","max-video-preview":"max-video-preview:-1"},"canonical":"https:\/\/blogdoamazonas.com.br\/en\/327812-abb-tem-vagas-de-estagio-em-sao-paulo-e-sorocaba\/","og_locale":"en_US","og_type":"article","og_title":"ABB tem vagas de est\u00e1gio em S\u00e3o Paulo e Sorocaba - Blog do Amazonas","og_description":"Dirigidas a estudantes de diversos cursos, inscri\u00e7\u00f5es seguem abertas somente no site da empresa at\u00e9 4 de maio","og_url":"https:\/\/blogdoamazonas.com.br\/en\/327812-abb-tem-vagas-de-estagio-em-sao-paulo-e-sorocaba\/","og_site_name":"Blog do Amazonas","article_published_time":"2026-04-27T00:00:00+00:00","og_image":[{"url":"https:\/\/api.dino.com.br\/v2\/news\/tr\/327812?partnerId=4428","type":"","width":"","height":""}],"author":"DINO","twitter_card":"summary_large_image","twitter_misc":{"Written by":"DINO","Est. reading time":"2 minutes"},"schema":{"@context":"https:\/\/schema.org","@graph":[{"@type":"Article","@id":"https:\/\/blogdoamazonas.com.br\/327812-abb-tem-vagas-de-estagio-em-sao-paulo-e-sorocaba\/#article","isPartOf":{"@id":"https:\/\/blogdoamazonas.com.br\/327812-abb-tem-vagas-de-estagio-em-sao-paulo-e-sorocaba\/"},"author":{"name":"DINO","@id":"https:\/\/blogdoamazonas.com.br\/#\/schema\/person\/10573d2ff72c2f798c404610f3f58bc7"},"headline":"ABB tem vagas de est\u00e1gio em S\u00e3o Paulo e Sorocaba","datePublished":"2026-04-27T00:00:00+00:00","mainEntityOfPage":{"@id":"https:\/\/blogdoamazonas.com.br\/327812-abb-tem-vagas-de-estagio-em-sao-paulo-e-sorocaba\/"},"wordCount":359,"commentCount":0,"image":{"@id":"https:\/\/blogdoamazonas.com.br\/327812-abb-tem-vagas-de-estagio-em-sao-paulo-e-sorocaba\/#primaryimage"},"thumbnailUrl":"https:\/\/api.dino.com.br\/v2\/news\/tr\/327812?partnerId=4428","keywords":["ECONOMIA","ENGENHARIA","IND\u00daSTRIAS","NEG\u00d3CIOS","TECNOLOGIA"],"articleSection":["Not\u00edcias Corporativas"],"inLanguage":"en-US","potentialAction":[{"@type":"CommentAction","name":"Comment","target":["https:\/\/blogdoamazonas.com.br\/327812-abb-tem-vagas-de-estagio-em-sao-paulo-e-sorocaba\/#respond"]}]},{"@type":"WebPage","@id":"https:\/\/blogdoamazonas.com.br\/327812-abb-tem-vagas-de-estagio-em-sao-paulo-e-sorocaba\/","url":"https:\/\/blogdoamazonas.com.br\/327812-abb-tem-vagas-de-estagio-em-sao-paulo-e-sorocaba\/","name":"ABB tem vagas de est\u00e1gio em S\u00e3o Paulo e Sorocaba - Blog do Amazonas","isPartOf":{"@id":"https:\/\/blogdoamazonas.com.br\/#website"},"primaryImageOfPage":{"@id":"https:\/\/blogdoamazonas.com.br\/327812-abb-tem-vagas-de-estagio-em-sao-paulo-e-sorocaba\/#primaryimage"},"image":{"@id":"https:\/\/blogdoamazonas.com.br\/327812-abb-tem-vagas-de-estagio-em-sao-paulo-e-sorocaba\/#primaryimage"},"thumbnailUrl":"https:\/\/api.dino.com.br\/v2\/news\/tr\/327812?partnerId=4428","datePublished":"2026-04-27T00:00:00+00:00","author":{"@id":"https:\/\/blogdoamazonas.com.br\/#\/schema\/person\/10573d2ff72c2f798c404610f3f58bc7"},"breadcrumb":{"@id":"https:\/\/blogdoamazonas.com.br\/327812-abb-tem-vagas-de-estagio-em-sao-paulo-e-sorocaba\/#breadcrumb"},"inLanguage":"en-US","potentialAction":[{"@type":"ReadAction","target":["https:\/\/blogdoamazonas.com.br\/327812-abb-tem-vagas-de-estagio-em-sao-paulo-e-sorocaba\/"]}]},{"@type":"ImageObject","inLanguage":"en-US","@id":"https:\/\/blogdoamazonas.com.br\/327812-abb-tem-vagas-de-estagio-em-sao-paulo-e-sorocaba\/#primaryimage","url":"https:\/\/api.dino.com.br\/v2\/news\/tr\/327812?partnerId=4428","contentUrl":"https:\/\/api.dino.com.br\/v2\/news\/tr\/327812?partnerId=4428"},{"@type":"BreadcrumbList","@id":"https:\/\/blogdoamazonas.com.br\/327812-abb-tem-vagas-de-estagio-em-sao-paulo-e-sorocaba\/#breadcrumb","itemListElement":[{"@type":"ListItem","position":1,"name":"In\u00edcio","item":"https:\/\/blogdoamazonas.com.br\/"},{"@type":"ListItem","position":2,"name":"ABB tem vagas de est\u00e1gio em S\u00e3o Paulo e Sorocaba"}]},{"@type":"WebSite","@id":"https:\/\/blogdoamazonas.com.br\/#website","url":"https:\/\/blogdoamazonas.com.br\/","name":"Blog do Amazonas","description":"Not\u00edcias de Manaus, Amazonas e Brasil","potentialAction":[{"@type":"SearchAction","target":{"@type":"EntryPoint","urlTemplate":"https:\/\/blogdoamazonas.com.br\/?s={search_term_string}"},"query-input":{"@type":"PropertyValueSpecification","valueRequired":true,"valueName":"search_term_string"}}],"inLanguage":"en-US"},{"@type":"Person","@id":"https:\/\/blogdoamazonas.com.br\/#\/schema\/person\/10573d2ff72c2f798c404610f3f58bc7","name":"DINO","image":{"@type":"ImageObject","inLanguage":"en-US","@id":"https:\/\/secure.gravatar.com\/avatar\/f29568383aedf96da155b6f87103b0e04b1c662f982055cda25086444ab33ff8?s=96&d=mm&r=g","url":"https:\/\/secure.gravatar.com\/avatar\/f29568383aedf96da155b6f87103b0e04b1c662f982055cda25086444ab33ff8?s=96&d=mm&r=g","contentUrl":"https:\/\/secure.gravatar.com\/avatar\/f29568383aedf96da155b6f87103b0e04b1c662f982055cda25086444ab33ff8?s=96&d=mm&r=g","caption":"DINO"},"url":"https:\/\/blogdoamazonas.com.br\/en\/author\/DINO\/"}]}},"jetpack_publicize_connections":[],"jetpack_featured_media_url":"","jetpack-related-posts":[{"id":14204,"url":"https:\/\/blogdoamazonas.com.br\/en\/319335-abb-convoca-estudantes-de-engenharia-para-desafio\/","url_meta":{"origin":14202,"position":0},"title":"ABB convoca estudantes de Engenharia para desafio","author":"DINO","date":"April 27, 2026","format":false,"excerpt":"Empresa abre vagas para programa que prop\u00f5e a estudantes criar projetos de melhoria cont\u00ednua nas f\u00e1bricas da ABB, com possibilidade de efetiva\u00e7\u00e3o","rel":"","context":"In &quot;Not\u00edcias Corporativas&quot;","block_context":{"text":"Not\u00edcias Corporativas","link":"https:\/\/blogdoamazonas.com.br\/en\/categoria\/noticias-corporativas-dino\/"},"img":{"alt_text":"","src":"","width":0,"height":0},"classes":[]},{"id":6742,"url":"https:\/\/blogdoamazonas.com.br\/en\/317100-abb-conquista-selo-oea-da-receita-federal\/","url_meta":{"origin":14202,"position":1},"title":"ABB conquista selo OEA, da Receita Federal","author":"DINO","date":"February 13, 2026","format":false,"excerpt":"Certifica\u00e7\u00e3o vai acelerar desembara\u00e7o de cargas da empresa no Brasil","rel":"","context":"In &quot;Not\u00edcias Corporativas&quot;","block_context":{"text":"Not\u00edcias Corporativas","link":"https:\/\/blogdoamazonas.com.br\/en\/categoria\/noticias-corporativas-dino\/"},"img":{"alt_text":"","src":"","width":0,"height":0},"classes":[]},{"id":10518,"url":"https:\/\/blogdoamazonas.com.br\/en\/324734-abb-retorna-a-feicon-com-foco-em-varejo-e-seguranca-eletrica\/","url_meta":{"origin":14202,"position":2},"title":"ABB retorna \u00e0 Feicon com foco em varejo e seguran\u00e7a el\u00e9trica","author":"DINO","date":"March 25, 2026","format":false,"excerpt":"Companhia destaca uni\u00e3o das marcas ABB e GE Industrial Solutions para ampliar capilaridade, mix de produtos e competitividade no varejo especializado.","rel":"","context":"In &quot;Not\u00edcias Corporativas&quot;","block_context":{"text":"Not\u00edcias Corporativas","link":"https:\/\/blogdoamazonas.com.br\/en\/categoria\/noticias-corporativas-dino\/"},"img":{"alt_text":"ABB retorna \u00e0 Feicon com foco em varejo e seguran\u00e7a el\u00e9trica","src":"https:\/\/i0.wp.com\/blogdoamazonas.com.br\/wp-content\/uploads\/2026\/03\/df46836d-e7d2-4b20-9e66-730e7ab0e838.jpg?fit=1200%2C800&ssl=1&resize=350%2C200","width":350,"height":200,"srcset":"https:\/\/i0.wp.com\/blogdoamazonas.com.br\/wp-content\/uploads\/2026\/03\/df46836d-e7d2-4b20-9e66-730e7ab0e838.jpg?fit=1200%2C800&ssl=1&resize=350%2C200 1x, https:\/\/i0.wp.com\/blogdoamazonas.com.br\/wp-content\/uploads\/2026\/03\/df46836d-e7d2-4b20-9e66-730e7ab0e838.jpg?fit=1200%2C800&ssl=1&resize=525%2C300 1.5x, https:\/\/i0.wp.com\/blogdoamazonas.com.br\/wp-content\/uploads\/2026\/03\/df46836d-e7d2-4b20-9e66-730e7ab0e838.jpg?fit=1200%2C800&ssl=1&resize=700%2C400 2x, https:\/\/i0.wp.com\/blogdoamazonas.com.br\/wp-content\/uploads\/2026\/03\/df46836d-e7d2-4b20-9e66-730e7ab0e838.jpg?fit=1200%2C800&ssl=1&resize=1050%2C600 3x"},"classes":[]},{"id":6741,"url":"https:\/\/blogdoamazonas.com.br\/en\/318094-maromba-papeis-reduz-consumo-de-energia-em-35-com-modernizacao-industrial\/","url_meta":{"origin":14202,"position":3},"title":"Maromba Pap\u00e9is reduz consumo de energia em 35% com moderniza\u00e7\u00e3o industrial","author":"DINO","date":"February 13, 2026","format":false,"excerpt":"Projeto com solu\u00e7\u00f5es da ABB, concebido pela integradora SR Automa\u00e7\u00e3o, moderniza linha de preparo de massa.","rel":"","context":"In &quot;Not\u00edcias Corporativas&quot;","block_context":{"text":"Not\u00edcias Corporativas","link":"https:\/\/blogdoamazonas.com.br\/en\/categoria\/noticias-corporativas-dino\/"},"img":{"alt_text":"","src":"","width":0,"height":0},"classes":[]},{"id":9901,"url":"https:\/\/blogdoamazonas.com.br\/en\/319337-abb-investe-us-75-milhoes-na-india-para-expandir-manufatura\/","url_meta":{"origin":14202,"position":4},"title":"ABB investe US$ 75 milh\u00f5es na \u00cdndia para expandir manufatura","author":"DINO","date":"March 20, 2026","format":false,"excerpt":"Aporte vai gerar 300 empregos diretos no pa\u00eds.","rel":"","context":"In &quot;Not\u00edcias Corporativas&quot;","block_context":{"text":"Not\u00edcias Corporativas","link":"https:\/\/blogdoamazonas.com.br\/en\/categoria\/noticias-corporativas-dino\/"},"img":{"alt_text":"","src":"","width":0,"height":0},"classes":[]},{"id":4642,"url":"https:\/\/blogdoamazonas.com.br\/en\/318095-abb-moderniza-sistemas-eletricos-e-de-automacao-de-mina-da-boliden\/","url_meta":{"origin":14202,"position":5},"title":"ABB moderniza sistemas el\u00e9tricos e de automa\u00e7\u00e3o de mina da Boliden","author":"DINO","date":"January 20, 2026","format":false,"excerpt":"Novos sistemas v\u00e3o ajudar mineradora a otimizar a gest\u00e3o de rejeitos na extra\u00e7\u00e3o de cobre de Aitik, no norte da Su\u00e9cia","rel":"","context":"In &quot;Not\u00edcias Corporativas&quot;","block_context":{"text":"Not\u00edcias Corporativas","link":"https:\/\/blogdoamazonas.com.br\/en\/categoria\/noticias-corporativas-dino\/"},"img":{"alt_text":"","src":"","width":0,"height":0},"classes":[]}],"jetpack_sharing_enabled":true,"jetpack_shortlink":"https:\/\/wp.me\/pcvwls-3H4","_links":{"self":[{"href":"https:\/\/blogdoamazonas.com.br\/en\/wp-json\/wp\/v2\/posts\/14202","targetHints":{"allow":["GET"]}}],"collection":[{"href":"https:\/\/blogdoamazonas.com.br\/en\/wp-json\/wp\/v2\/posts"}],"about":[{"href":"https:\/\/blogdoamazonas.com.br\/en\/wp-json\/wp\/v2\/types\/post"}],"author":[{"embeddable":true,"href":"https:\/\/blogdoamazonas.com.br\/en\/wp-json\/wp\/v2\/users\/2"}],"replies":[{"embeddable":true,"href":"https:\/\/blogdoamazonas.com.br\/en\/wp-json\/wp\/v2\/comments?post=14202"}],"version-history":[{"count":0,"href":"https:\/\/blogdoamazonas.com.br\/en\/wp-json\/wp\/v2\/posts\/14202\/revisions"}],"wp:attachment":[{"href":"https:\/\/blogdoamazonas.com.br\/en\/wp-json\/wp\/v2\/media?parent=14202"}],"wp:term":[{"taxonomy":"category","embeddable":true,"href":"https:\/\/blogdoamazonas.com.br\/en\/wp-json\/wp\/v2\/categories?post=14202"},{"taxonomy":"post_tag","embeddable":true,"href":"https:\/\/blogdoamazonas.com.br\/en\/wp-json\/wp\/v2\/tags?post=14202"}],"curies":[{"name":"wp","href":"https:\/\/api.w.org\/{rel}","templated":true}]}}