{"id":14204,"date":"2026-04-27T00:00:00","date_gmt":"2026-04-27T00:00:00","guid":{"rendered":"https:\/\/blogdoamazonas.com.br\/319335-abb-convoca-estudantes-de-engenharia-para-desafio\/"},"modified":"2026-04-27T00:00:00","modified_gmt":"2026-04-27T00:00:00","slug":"319335-abb-convoca-estudantes-de-engenharia-para-desafio","status":"publish","type":"post","link":"https:\/\/blogdoamazonas.com.br\/en\/319335-abb-convoca-estudantes-de-engenharia-para-desafio\/","title":{"rendered":"ABB convoca estudantes de Engenharia para desafio"},"content":{"rendered":"<p>A multinacional su\u00ed\u00e7o-sueca ABB, que atua nos segmentos de eletrifica\u00e7\u00e3o e automa\u00e7\u00e3o industrial, est\u00e1 com inscri\u00e7\u00f5es abertas para o Programa de Est\u00e1gio Lean Challenge ABB 2026. Os interessados podem se <a href=\"https:\/\/abb.wd3.myworkdayjobs.com\/pt-BR\/External_Career_Page\/job\/Sorocaba-Sao-Paulo-Brazil\/Programa-Lean-Challenge-ABB-2026_JR00030069?utm_source=M%C3%ADdia-ct&amp;utm_medium=Vaga_Site_CT&amp;utm_content=EB+Anual_Programa_de_Estagio\/?utm_source=estagiotrainee.com\" rel=\"follow\">candidatar at\u00e9 4 de maio, exclusivamente pelo site da empresa<\/a>.<\/p>\n<p>Voltado a estudantes a partir do sexto per\u00edodo dos cursos de Engenharia Mec\u00e2nica, El\u00e9trica, de Automa\u00e7\u00e3o, de Produ\u00e7\u00e3o, de Computa\u00e7\u00e3o, de Software e \u00e1reas correlatas, o programa prop\u00f5e um desafio t\u00e9cnico de projetos de melhoria cont\u00ednua (Lean Manufacturing) aplicados \u00e0 manufatura e \u00e0 eletrifica\u00e7\u00e3o.<\/p>\n<p>Ao longo de tr\u00eas meses, os participantes selecionados ir\u00e3o atuar nas f\u00e1bricas da ABB em Sorocaba (SP) e Contagem (MG), onde desenvolver\u00e3o projetos com foco na elimina\u00e7\u00e3o de desperd\u00edcios de energia e na otimiza\u00e7\u00e3o de processos, com a aplica\u00e7\u00e3o de metodologias Lean a problemas reais.<\/p>\n<p>Os melhores projetos ainda v\u00e3o participar de uma competi\u00e7\u00e3o internacional da ABB, no M\u00e9xico, concorrendo com iniciativas de estudantes de diferentes pa\u00edses. &quot;Trata-se de uma experi\u00eancia enriquecedora, que permite aos futuros engenheiros atuar em equipes multidisciplinares e desenvolver inova\u00e7\u00f5es reais&quot;, afirma Juliana Molognoni, HR Leader da ABB no Brasil.<\/p>\n<p>Durante o programa, os participantes recebem bolsa-aux\u00edlio compat\u00edvel com o mercado, assist\u00eancia \u00e0 sa\u00fade, seguro de vida e outros benef\u00edcios. Ao final, os estudantes com melhor desempenho poder\u00e3o ser convidados a permanecer na empresa, em vagas de est\u00e1gio ou posi\u00e7\u00f5es efetivas.<\/p>\n<p>Segundo Molognoni, o Lean Challenge tamb\u00e9m funciona como uma porta de entrada para a identifica\u00e7\u00e3o e o desenvolvimento de novos talentos. &quot;Muitos de nossos diretores come\u00e7aram sua trajet\u00f3ria no Lean Challenge&quot;, destaca.<\/p>\n<p>Ap\u00f3s a efetiva\u00e7\u00e3o, al\u00e9m das oportunidades nas unidades em que atuam, os profissionais tamb\u00e9m podem se candidatar a vagas em outras \u00e1reas da empresa, inclusive no exterior.<\/p>\n<p><img src='https:\/\/api.dino.com.br\/v2\/news\/tr\/319335?partnerId=4428' alt=\"\" style=\"border:0px;width:1px;height:1px;\" \/><\/p>\n<input type=\"hidden\" id=\"baseurl\" value=\"https:\/\/blogdoamazonas.com.br\/en\"><input type=\"hidden\" id=\"audio_nonce\" value=\"65a14a18f7\">","protected":false},"excerpt":{"rendered":"<p>Empresa abre vagas para programa que prop\u00f5e a estudantes criar projetos de melhoria cont\u00ednua nas f\u00e1bricas da ABB, com possibilidade de efetiva\u00e7\u00e3o<\/p>","protected":false},"author":2,"featured_media":0,"comment_status":"open","ping_status":"open","sticky":false,"template":"","format":"standard","meta":{"jetpack_post_was_ever_published":false,"_jetpack_newsletter_access":"","_jetpack_dont_email_post_to_subs":false,"_jetpack_newsletter_tier_id":0,"_jetpack_memberships_contains_paywalled_content":false,"_jetpack_memberships_contains_paid_content":false,"footnotes":"","jetpack_publicize_message":"","jetpack_publicize_feature_enabled":true,"jetpack_social_post_already_shared":true,"jetpack_social_options":{"image_generator_settings":{"template":"highway","default_image_id":0,"font":"","enabled":false},"version":2}},"categories":[21],"tags":[39,75,37,36,45],"class_list":["post-14204","post","type-post","status-publish","format-standard","hentry","category-noticias-corporativas-dino","tag-economia","tag-engenharia","tag-industrias","tag-negocios","tag-tecnologia"],"yoast_head":"<!-- This site is optimized with the Yoast SEO plugin v27.4 - https:\/\/yoast.com\/product\/yoast-seo-wordpress\/ -->\n<title>ABB convoca estudantes de Engenharia para desafio - Blog do Amazonas<\/title>\n<meta name=\"robots\" content=\"index, follow, max-snippet:-1, max-image-preview:large, max-video-preview:-1\" \/>\n<link rel=\"canonical\" href=\"https:\/\/blogdoamazonas.com.br\/en\/319335-abb-convoca-estudantes-de-engenharia-para-desafio\/\" \/>\n<meta property=\"og:locale\" content=\"en_US\" \/>\n<meta property=\"og:type\" content=\"article\" \/>\n<meta property=\"og:title\" content=\"ABB convoca estudantes de Engenharia para desafio - Blog do Amazonas\" \/>\n<meta property=\"og:description\" content=\"Empresa abre vagas para programa que prop\u00f5e a estudantes criar projetos de melhoria cont\u00ednua nas f\u00e1bricas da ABB, com possibilidade de efetiva\u00e7\u00e3o\" \/>\n<meta property=\"og:url\" content=\"https:\/\/blogdoamazonas.com.br\/en\/319335-abb-convoca-estudantes-de-engenharia-para-desafio\/\" \/>\n<meta property=\"og:site_name\" content=\"Blog do Amazonas\" \/>\n<meta property=\"article:published_time\" content=\"2026-04-27T00:00:00+00:00\" \/>\n<meta property=\"og:image\" content=\"https:\/\/api.dino.com.br\/v2\/news\/tr\/319335?partnerId=4428\" \/>\n<meta name=\"author\" content=\"DINO\" \/>\n<meta name=\"twitter:card\" content=\"summary_large_image\" \/>\n<meta name=\"twitter:label1\" content=\"Written by\" \/>\n\t<meta name=\"twitter:data1\" content=\"DINO\" \/>\n\t<meta name=\"twitter:label2\" content=\"Est. reading time\" \/>\n\t<meta name=\"twitter:data2\" content=\"2 minutes\" \/>\n<script type=\"application\/ld+json\" class=\"yoast-schema-graph\">{\"@context\":\"https:\\\/\\\/schema.org\",\"@graph\":[{\"@type\":\"Article\",\"@id\":\"https:\\\/\\\/blogdoamazonas.com.br\\\/319335-abb-convoca-estudantes-de-engenharia-para-desafio\\\/#article\",\"isPartOf\":{\"@id\":\"https:\\\/\\\/blogdoamazonas.com.br\\\/319335-abb-convoca-estudantes-de-engenharia-para-desafio\\\/\"},\"author\":{\"name\":\"DINO\",\"@id\":\"https:\\\/\\\/blogdoamazonas.com.br\\\/#\\\/schema\\\/person\\\/10573d2ff72c2f798c404610f3f58bc7\"},\"headline\":\"ABB convoca estudantes de Engenharia para desafio\",\"datePublished\":\"2026-04-27T00:00:00+00:00\",\"mainEntityOfPage\":{\"@id\":\"https:\\\/\\\/blogdoamazonas.com.br\\\/319335-abb-convoca-estudantes-de-engenharia-para-desafio\\\/\"},\"wordCount\":329,\"commentCount\":0,\"image\":{\"@id\":\"https:\\\/\\\/blogdoamazonas.com.br\\\/319335-abb-convoca-estudantes-de-engenharia-para-desafio\\\/#primaryimage\"},\"thumbnailUrl\":\"https:\\\/\\\/api.dino.com.br\\\/v2\\\/news\\\/tr\\\/319335?partnerId=4428\",\"keywords\":[\"ECONOMIA\",\"ENGENHARIA\",\"IND\u00daSTRIAS\",\"NEG\u00d3CIOS\",\"TECNOLOGIA\"],\"articleSection\":[\"Not\u00edcias Corporativas\"],\"inLanguage\":\"en-US\",\"potentialAction\":[{\"@type\":\"CommentAction\",\"name\":\"Comment\",\"target\":[\"https:\\\/\\\/blogdoamazonas.com.br\\\/319335-abb-convoca-estudantes-de-engenharia-para-desafio\\\/#respond\"]}]},{\"@type\":\"WebPage\",\"@id\":\"https:\\\/\\\/blogdoamazonas.com.br\\\/319335-abb-convoca-estudantes-de-engenharia-para-desafio\\\/\",\"url\":\"https:\\\/\\\/blogdoamazonas.com.br\\\/319335-abb-convoca-estudantes-de-engenharia-para-desafio\\\/\",\"name\":\"ABB convoca estudantes de Engenharia para desafio - Blog do Amazonas\",\"isPartOf\":{\"@id\":\"https:\\\/\\\/blogdoamazonas.com.br\\\/#website\"},\"primaryImageOfPage\":{\"@id\":\"https:\\\/\\\/blogdoamazonas.com.br\\\/319335-abb-convoca-estudantes-de-engenharia-para-desafio\\\/#primaryimage\"},\"image\":{\"@id\":\"https:\\\/\\\/blogdoamazonas.com.br\\\/319335-abb-convoca-estudantes-de-engenharia-para-desafio\\\/#primaryimage\"},\"thumbnailUrl\":\"https:\\\/\\\/api.dino.com.br\\\/v2\\\/news\\\/tr\\\/319335?partnerId=4428\",\"datePublished\":\"2026-04-27T00:00:00+00:00\",\"author\":{\"@id\":\"https:\\\/\\\/blogdoamazonas.com.br\\\/#\\\/schema\\\/person\\\/10573d2ff72c2f798c404610f3f58bc7\"},\"breadcrumb\":{\"@id\":\"https:\\\/\\\/blogdoamazonas.com.br\\\/319335-abb-convoca-estudantes-de-engenharia-para-desafio\\\/#breadcrumb\"},\"inLanguage\":\"en-US\",\"potentialAction\":[{\"@type\":\"ReadAction\",\"target\":[\"https:\\\/\\\/blogdoamazonas.com.br\\\/319335-abb-convoca-estudantes-de-engenharia-para-desafio\\\/\"]}]},{\"@type\":\"ImageObject\",\"inLanguage\":\"en-US\",\"@id\":\"https:\\\/\\\/blogdoamazonas.com.br\\\/319335-abb-convoca-estudantes-de-engenharia-para-desafio\\\/#primaryimage\",\"url\":\"https:\\\/\\\/api.dino.com.br\\\/v2\\\/news\\\/tr\\\/319335?partnerId=4428\",\"contentUrl\":\"https:\\\/\\\/api.dino.com.br\\\/v2\\\/news\\\/tr\\\/319335?partnerId=4428\"},{\"@type\":\"BreadcrumbList\",\"@id\":\"https:\\\/\\\/blogdoamazonas.com.br\\\/319335-abb-convoca-estudantes-de-engenharia-para-desafio\\\/#breadcrumb\",\"itemListElement\":[{\"@type\":\"ListItem\",\"position\":1,\"name\":\"In\u00edcio\",\"item\":\"https:\\\/\\\/blogdoamazonas.com.br\\\/\"},{\"@type\":\"ListItem\",\"position\":2,\"name\":\"ABB convoca estudantes de Engenharia para desafio\"}]},{\"@type\":\"WebSite\",\"@id\":\"https:\\\/\\\/blogdoamazonas.com.br\\\/#website\",\"url\":\"https:\\\/\\\/blogdoamazonas.com.br\\\/\",\"name\":\"Blog do Amazonas\",\"description\":\"Not\u00edcias de Manaus, Amazonas e Brasil\",\"potentialAction\":[{\"@type\":\"SearchAction\",\"target\":{\"@type\":\"EntryPoint\",\"urlTemplate\":\"https:\\\/\\\/blogdoamazonas.com.br\\\/?s={search_term_string}\"},\"query-input\":{\"@type\":\"PropertyValueSpecification\",\"valueRequired\":true,\"valueName\":\"search_term_string\"}}],\"inLanguage\":\"en-US\"},{\"@type\":\"Person\",\"@id\":\"https:\\\/\\\/blogdoamazonas.com.br\\\/#\\\/schema\\\/person\\\/10573d2ff72c2f798c404610f3f58bc7\",\"name\":\"DINO\",\"image\":{\"@type\":\"ImageObject\",\"inLanguage\":\"en-US\",\"@id\":\"https:\\\/\\\/secure.gravatar.com\\\/avatar\\\/f29568383aedf96da155b6f87103b0e04b1c662f982055cda25086444ab33ff8?s=96&d=mm&r=g\",\"url\":\"https:\\\/\\\/secure.gravatar.com\\\/avatar\\\/f29568383aedf96da155b6f87103b0e04b1c662f982055cda25086444ab33ff8?s=96&d=mm&r=g\",\"contentUrl\":\"https:\\\/\\\/secure.gravatar.com\\\/avatar\\\/f29568383aedf96da155b6f87103b0e04b1c662f982055cda25086444ab33ff8?s=96&d=mm&r=g\",\"caption\":\"DINO\"},\"url\":\"https:\\\/\\\/blogdoamazonas.com.br\\\/en\\\/author\\\/DINO\\\/\"}]}<\/script>\n<!-- \/ Yoast SEO plugin. -->","yoast_head_json":{"title":"ABB convoca estudantes de Engenharia para desafio - Blog do Amazonas","robots":{"index":"index","follow":"follow","max-snippet":"max-snippet:-1","max-image-preview":"max-image-preview:large","max-video-preview":"max-video-preview:-1"},"canonical":"https:\/\/blogdoamazonas.com.br\/en\/319335-abb-convoca-estudantes-de-engenharia-para-desafio\/","og_locale":"en_US","og_type":"article","og_title":"ABB convoca estudantes de Engenharia para desafio - Blog do Amazonas","og_description":"Empresa abre vagas para programa que prop\u00f5e a estudantes criar projetos de melhoria cont\u00ednua nas f\u00e1bricas da ABB, com possibilidade de efetiva\u00e7\u00e3o","og_url":"https:\/\/blogdoamazonas.com.br\/en\/319335-abb-convoca-estudantes-de-engenharia-para-desafio\/","og_site_name":"Blog do Amazonas","article_published_time":"2026-04-27T00:00:00+00:00","og_image":[{"url":"https:\/\/api.dino.com.br\/v2\/news\/tr\/319335?partnerId=4428","type":"","width":"","height":""}],"author":"DINO","twitter_card":"summary_large_image","twitter_misc":{"Written by":"DINO","Est. reading time":"2 minutes"},"schema":{"@context":"https:\/\/schema.org","@graph":[{"@type":"Article","@id":"https:\/\/blogdoamazonas.com.br\/319335-abb-convoca-estudantes-de-engenharia-para-desafio\/#article","isPartOf":{"@id":"https:\/\/blogdoamazonas.com.br\/319335-abb-convoca-estudantes-de-engenharia-para-desafio\/"},"author":{"name":"DINO","@id":"https:\/\/blogdoamazonas.com.br\/#\/schema\/person\/10573d2ff72c2f798c404610f3f58bc7"},"headline":"ABB convoca estudantes de Engenharia para desafio","datePublished":"2026-04-27T00:00:00+00:00","mainEntityOfPage":{"@id":"https:\/\/blogdoamazonas.com.br\/319335-abb-convoca-estudantes-de-engenharia-para-desafio\/"},"wordCount":329,"commentCount":0,"image":{"@id":"https:\/\/blogdoamazonas.com.br\/319335-abb-convoca-estudantes-de-engenharia-para-desafio\/#primaryimage"},"thumbnailUrl":"https:\/\/api.dino.com.br\/v2\/news\/tr\/319335?partnerId=4428","keywords":["ECONOMIA","ENGENHARIA","IND\u00daSTRIAS","NEG\u00d3CIOS","TECNOLOGIA"],"articleSection":["Not\u00edcias Corporativas"],"inLanguage":"en-US","potentialAction":[{"@type":"CommentAction","name":"Comment","target":["https:\/\/blogdoamazonas.com.br\/319335-abb-convoca-estudantes-de-engenharia-para-desafio\/#respond"]}]},{"@type":"WebPage","@id":"https:\/\/blogdoamazonas.com.br\/319335-abb-convoca-estudantes-de-engenharia-para-desafio\/","url":"https:\/\/blogdoamazonas.com.br\/319335-abb-convoca-estudantes-de-engenharia-para-desafio\/","name":"ABB convoca estudantes de Engenharia para desafio - Blog do Amazonas","isPartOf":{"@id":"https:\/\/blogdoamazonas.com.br\/#website"},"primaryImageOfPage":{"@id":"https:\/\/blogdoamazonas.com.br\/319335-abb-convoca-estudantes-de-engenharia-para-desafio\/#primaryimage"},"image":{"@id":"https:\/\/blogdoamazonas.com.br\/319335-abb-convoca-estudantes-de-engenharia-para-desafio\/#primaryimage"},"thumbnailUrl":"https:\/\/api.dino.com.br\/v2\/news\/tr\/319335?partnerId=4428","datePublished":"2026-04-27T00:00:00+00:00","author":{"@id":"https:\/\/blogdoamazonas.com.br\/#\/schema\/person\/10573d2ff72c2f798c404610f3f58bc7"},"breadcrumb":{"@id":"https:\/\/blogdoamazonas.com.br\/319335-abb-convoca-estudantes-de-engenharia-para-desafio\/#breadcrumb"},"inLanguage":"en-US","potentialAction":[{"@type":"ReadAction","target":["https:\/\/blogdoamazonas.com.br\/319335-abb-convoca-estudantes-de-engenharia-para-desafio\/"]}]},{"@type":"ImageObject","inLanguage":"en-US","@id":"https:\/\/blogdoamazonas.com.br\/319335-abb-convoca-estudantes-de-engenharia-para-desafio\/#primaryimage","url":"https:\/\/api.dino.com.br\/v2\/news\/tr\/319335?partnerId=4428","contentUrl":"https:\/\/api.dino.com.br\/v2\/news\/tr\/319335?partnerId=4428"},{"@type":"BreadcrumbList","@id":"https:\/\/blogdoamazonas.com.br\/319335-abb-convoca-estudantes-de-engenharia-para-desafio\/#breadcrumb","itemListElement":[{"@type":"ListItem","position":1,"name":"In\u00edcio","item":"https:\/\/blogdoamazonas.com.br\/"},{"@type":"ListItem","position":2,"name":"ABB convoca estudantes de Engenharia para desafio"}]},{"@type":"WebSite","@id":"https:\/\/blogdoamazonas.com.br\/#website","url":"https:\/\/blogdoamazonas.com.br\/","name":"Blog do Amazonas","description":"Not\u00edcias de Manaus, Amazonas e Brasil","potentialAction":[{"@type":"SearchAction","target":{"@type":"EntryPoint","urlTemplate":"https:\/\/blogdoamazonas.com.br\/?s={search_term_string}"},"query-input":{"@type":"PropertyValueSpecification","valueRequired":true,"valueName":"search_term_string"}}],"inLanguage":"en-US"},{"@type":"Person","@id":"https:\/\/blogdoamazonas.com.br\/#\/schema\/person\/10573d2ff72c2f798c404610f3f58bc7","name":"DINO","image":{"@type":"ImageObject","inLanguage":"en-US","@id":"https:\/\/secure.gravatar.com\/avatar\/f29568383aedf96da155b6f87103b0e04b1c662f982055cda25086444ab33ff8?s=96&d=mm&r=g","url":"https:\/\/secure.gravatar.com\/avatar\/f29568383aedf96da155b6f87103b0e04b1c662f982055cda25086444ab33ff8?s=96&d=mm&r=g","contentUrl":"https:\/\/secure.gravatar.com\/avatar\/f29568383aedf96da155b6f87103b0e04b1c662f982055cda25086444ab33ff8?s=96&d=mm&r=g","caption":"DINO"},"url":"https:\/\/blogdoamazonas.com.br\/en\/author\/DINO\/"}]}},"jetpack_publicize_connections":[],"jetpack_featured_media_url":"","jetpack-related-posts":[{"id":14202,"url":"https:\/\/blogdoamazonas.com.br\/en\/327812-abb-tem-vagas-de-estagio-em-sao-paulo-e-sorocaba\/","url_meta":{"origin":14204,"position":0},"title":"ABB tem vagas de est\u00e1gio em S\u00e3o Paulo e Sorocaba","author":"DINO","date":"April 27, 2026","format":false,"excerpt":"Dirigidas a estudantes de diversos cursos, inscri\u00e7\u00f5es seguem abertas somente no site da empresa at\u00e9 4 de maio","rel":"","context":"In &quot;Not\u00edcias Corporativas&quot;","block_context":{"text":"Not\u00edcias Corporativas","link":"https:\/\/blogdoamazonas.com.br\/en\/categoria\/noticias-corporativas-dino\/"},"img":{"alt_text":"","src":"","width":0,"height":0},"classes":[]},{"id":6742,"url":"https:\/\/blogdoamazonas.com.br\/en\/317100-abb-conquista-selo-oea-da-receita-federal\/","url_meta":{"origin":14204,"position":1},"title":"ABB conquista selo OEA, da Receita Federal","author":"DINO","date":"February 13, 2026","format":false,"excerpt":"Certifica\u00e7\u00e3o vai acelerar desembara\u00e7o de cargas da empresa no Brasil","rel":"","context":"In &quot;Not\u00edcias Corporativas&quot;","block_context":{"text":"Not\u00edcias Corporativas","link":"https:\/\/blogdoamazonas.com.br\/en\/categoria\/noticias-corporativas-dino\/"},"img":{"alt_text":"","src":"","width":0,"height":0},"classes":[]},{"id":4641,"url":"https:\/\/blogdoamazonas.com.br\/en\/317098-abb-avanca-projeto-com-vulcan-energy-que-mira-produzir-litio-na-alemanha\/","url_meta":{"origin":14204,"position":2},"title":"ABB avan\u00e7a projeto com Vulcan Energy, que mira produzir l\u00edtio na Alemanha","author":"DINO","date":"January 20, 2026","format":false,"excerpt":"Empresas firmam contratos para eletrificar primeira fase do Projeto Lionheart, de extra\u00e7\u00e3o e beneficiamento de l\u00edtio e gera\u00e7\u00e3o de energia","rel":"","context":"In &quot;Not\u00edcias Corporativas&quot;","block_context":{"text":"Not\u00edcias Corporativas","link":"https:\/\/blogdoamazonas.com.br\/en\/categoria\/noticias-corporativas-dino\/"},"img":{"alt_text":"","src":"","width":0,"height":0},"classes":[]},{"id":6741,"url":"https:\/\/blogdoamazonas.com.br\/en\/318094-maromba-papeis-reduz-consumo-de-energia-em-35-com-modernizacao-industrial\/","url_meta":{"origin":14204,"position":3},"title":"Maromba Pap\u00e9is reduz consumo de energia em 35% com moderniza\u00e7\u00e3o industrial","author":"DINO","date":"February 13, 2026","format":false,"excerpt":"Projeto com solu\u00e7\u00f5es da ABB, concebido pela integradora SR Automa\u00e7\u00e3o, moderniza linha de preparo de massa.","rel":"","context":"In &quot;Not\u00edcias Corporativas&quot;","block_context":{"text":"Not\u00edcias Corporativas","link":"https:\/\/blogdoamazonas.com.br\/en\/categoria\/noticias-corporativas-dino\/"},"img":{"alt_text":"","src":"","width":0,"height":0},"classes":[]},{"id":4642,"url":"https:\/\/blogdoamazonas.com.br\/en\/318095-abb-moderniza-sistemas-eletricos-e-de-automacao-de-mina-da-boliden\/","url_meta":{"origin":14204,"position":4},"title":"ABB moderniza sistemas el\u00e9tricos e de automa\u00e7\u00e3o de mina da Boliden","author":"DINO","date":"January 20, 2026","format":false,"excerpt":"Novos sistemas v\u00e3o ajudar mineradora a otimizar a gest\u00e3o de rejeitos na extra\u00e7\u00e3o de cobre de Aitik, no norte da Su\u00e9cia","rel":"","context":"In &quot;Not\u00edcias Corporativas&quot;","block_context":{"text":"Not\u00edcias Corporativas","link":"https:\/\/blogdoamazonas.com.br\/en\/categoria\/noticias-corporativas-dino\/"},"img":{"alt_text":"","src":"","width":0,"height":0},"classes":[]},{"id":14206,"url":"https:\/\/blogdoamazonas.com.br\/en\/320367-abb-registra-recorde-de-pedidos-no-primeiro-trimestre-do-ano\/","url_meta":{"origin":14204,"position":5},"title":"ABB registra recorde de pedidos no primeiro trimestre do ano","author":"DINO","date":"April 27, 2026","format":false,"excerpt":"Resultado faz CEO rever para cima receita projetada para 2026","rel":"","context":"In &quot;Not\u00edcias Corporativas&quot;","block_context":{"text":"Not\u00edcias Corporativas","link":"https:\/\/blogdoamazonas.com.br\/en\/categoria\/noticias-corporativas-dino\/"},"img":{"alt_text":"","src":"","width":0,"height":0},"classes":[]}],"jetpack_sharing_enabled":true,"jetpack_shortlink":"https:\/\/wp.me\/pcvwls-3H6","_links":{"self":[{"href":"https:\/\/blogdoamazonas.com.br\/en\/wp-json\/wp\/v2\/posts\/14204","targetHints":{"allow":["GET"]}}],"collection":[{"href":"https:\/\/blogdoamazonas.com.br\/en\/wp-json\/wp\/v2\/posts"}],"about":[{"href":"https:\/\/blogdoamazonas.com.br\/en\/wp-json\/wp\/v2\/types\/post"}],"author":[{"embeddable":true,"href":"https:\/\/blogdoamazonas.com.br\/en\/wp-json\/wp\/v2\/users\/2"}],"replies":[{"embeddable":true,"href":"https:\/\/blogdoamazonas.com.br\/en\/wp-json\/wp\/v2\/comments?post=14204"}],"version-history":[{"count":0,"href":"https:\/\/blogdoamazonas.com.br\/en\/wp-json\/wp\/v2\/posts\/14204\/revisions"}],"wp:attachment":[{"href":"https:\/\/blogdoamazonas.com.br\/en\/wp-json\/wp\/v2\/media?parent=14204"}],"wp:term":[{"taxonomy":"category","embeddable":true,"href":"https:\/\/blogdoamazonas.com.br\/en\/wp-json\/wp\/v2\/categories?post=14204"},{"taxonomy":"post_tag","embeddable":true,"href":"https:\/\/blogdoamazonas.com.br\/en\/wp-json\/wp\/v2\/tags?post=14204"}],"curies":[{"name":"wp","href":"https:\/\/api.w.org\/{rel}","templated":true}]}}