{"id":14206,"date":"2026-04-27T00:00:00","date_gmt":"2026-04-27T00:00:00","guid":{"rendered":"https:\/\/blogdoamazonas.com.br\/320367-abb-registra-recorde-de-pedidos-no-primeiro-trimestre-do-ano\/"},"modified":"2026-04-27T00:00:00","modified_gmt":"2026-04-27T00:00:00","slug":"320367-abb-registra-recorde-de-pedidos-no-primeiro-trimestre-do-ano","status":"publish","type":"post","link":"https:\/\/blogdoamazonas.com.br\/en\/320367-abb-registra-recorde-de-pedidos-no-primeiro-trimestre-do-ano\/","title":{"rendered":"ABB registra recorde de pedidos no primeiro trimestre do ano"},"content":{"rendered":"<p>A provedora de tecnologias de eletrifica\u00e7\u00e3o e automa\u00e7\u00e3o industrial <a rel=\"follow\" href=\"https:\/\/www.abb.com\/global\/en\/news\/135137\">ABB divulgou na \u00faltima quarta-feira (22) os resultados financeiros do primeiro trimestre de 2026<\/a>.<\/p>\n<p>No per\u00edodo, a empresa registrou volume de pedidos recorde, US$ 11,3 bilh\u00f5es, alta nominal de 32% sobre os tr\u00eas primeiros meses de 2025, e avan\u00e7o de 24% na base compar\u00e1vel de crit\u00e9rios que avaliam a evolu\u00e7\u00e3o org\u00e2nica do neg\u00f3cio.<\/p>\n<p>As receitas somaram US$ 8,7 bilh\u00f5es, avan\u00e7o nominal de 18% e de 11% na base compar\u00e1vel. O EBITDA operacional, o lucro da opera\u00e7\u00e3o ante juros, impostos, deprecia\u00e7\u00f5es e amortiza\u00e7\u00f5es, foi de pouco mais de US$ 2 bilh\u00f5es, alta nominal de 37% e de 28% na base compar\u00e1vel, com margem de 23,5%.<\/p>\n<p>J\u00e1 a gera\u00e7\u00e3o de caixa, considerando s\u00f3 as atividades operacionais, avan\u00e7ou 50% no trimestre, para pouco mais de US$ 1 bilh\u00e3o. Outro destaque foi o \u00edndice ROCE, retorno sobre capital empregado, que atingiu 27,2%.<\/p>\n<p>&quot;De modo geral, o primeiro trimestre evoluiu amplamente conforme o planejado, apesar de um cen\u00e1rio marcado por mais uma escalada nas tens\u00f5es geopol\u00edticas&quot;, avaliou em comunicado Morten Wierod, CEO da ABB.<\/p>\n<p>&quot;\u00c9 ineg\u00e1vel que esse conflito [no Oriente M\u00e9dio] adiciona incerteza ao ambiente global de com\u00e9rcio; ainda assim, at\u00e9 o momento, a demanda por nossas ofertas de eletrifica\u00e7\u00e3o e automa\u00e7\u00e3o permaneceu resiliente e sustenta nossas ambi\u00e7\u00f5es ampliadas para 2026&quot;.<\/p>\n<p>O CEO da ABB destacou que o volume de pedidos, de gera\u00e7\u00e3o de caixa e as margens foram potencializados por receitas geradas em todas as unidades de neg\u00f3cio da ABB. Os n\u00fameros, segundo ele, permitem, inclusive, rever para cima as proje\u00e7\u00f5es de 2026.<\/p>\n<p>&quot;Para o ano completo de 2026, esperamos book-to-bill [pedidos registrados sobre faturados, que indica expectativa de receita futura] positivo e crescimento de receita compar\u00e1vel entre alto d\u00edgito \u00fanico e baixo duplo d\u00edgito, ano contra ano&quot;, disse o CEO.<\/p>\n<p>Wierod tamb\u00e9m pontuou que a margem EBITA operacional deve melhorar na compara\u00e7\u00e3o anual, inclusive considerando os ganhos imobili\u00e1rios registrados no primeiro trimestre.<\/p>\n<p><img src='https:\/\/api.dino.com.br\/v2\/news\/tr\/320367?partnerId=4428' alt=\"\" style=\"border:0px;width:1px;height:1px;\" \/><\/p>\n<input type=\"hidden\" id=\"baseurl\" value=\"https:\/\/blogdoamazonas.com.br\/en\"><input type=\"hidden\" id=\"audio_nonce\" value=\"65a14a18f7\">","protected":false},"excerpt":{"rendered":"<p>Resultado faz CEO rever para cima receita projetada para 2026<\/p>","protected":false},"author":2,"featured_media":0,"comment_status":"open","ping_status":"open","sticky":false,"template":"","format":"standard","meta":{"jetpack_post_was_ever_published":false,"_jetpack_newsletter_access":"","_jetpack_dont_email_post_to_subs":false,"_jetpack_newsletter_tier_id":0,"_jetpack_memberships_contains_paywalled_content":false,"_jetpack_memberships_contains_paid_content":false,"footnotes":"","jetpack_publicize_message":"","jetpack_publicize_feature_enabled":true,"jetpack_social_post_already_shared":true,"jetpack_social_options":{"image_generator_settings":{"template":"highway","default_image_id":0,"font":"","enabled":false},"version":2}},"categories":[21],"tags":[39,75,37,36,45],"class_list":["post-14206","post","type-post","status-publish","format-standard","hentry","category-noticias-corporativas-dino","tag-economia","tag-engenharia","tag-industrias","tag-negocios","tag-tecnologia"],"yoast_head":"<!-- This site is optimized with the Yoast SEO plugin v27.4 - https:\/\/yoast.com\/product\/yoast-seo-wordpress\/ -->\n<title>ABB registra recorde de pedidos no primeiro trimestre do ano - Blog do Amazonas<\/title>\n<meta name=\"robots\" content=\"index, follow, max-snippet:-1, max-image-preview:large, max-video-preview:-1\" \/>\n<link rel=\"canonical\" href=\"https:\/\/blogdoamazonas.com.br\/en\/320367-abb-registra-recorde-de-pedidos-no-primeiro-trimestre-do-ano\/\" \/>\n<meta property=\"og:locale\" content=\"en_US\" \/>\n<meta property=\"og:type\" content=\"article\" \/>\n<meta property=\"og:title\" content=\"ABB registra recorde de pedidos no primeiro trimestre do ano - Blog do Amazonas\" \/>\n<meta property=\"og:description\" content=\"Resultado faz CEO rever para cima receita projetada para 2026\" \/>\n<meta property=\"og:url\" content=\"https:\/\/blogdoamazonas.com.br\/en\/320367-abb-registra-recorde-de-pedidos-no-primeiro-trimestre-do-ano\/\" \/>\n<meta property=\"og:site_name\" content=\"Blog do Amazonas\" \/>\n<meta property=\"article:published_time\" content=\"2026-04-27T00:00:00+00:00\" \/>\n<meta property=\"og:image\" content=\"https:\/\/api.dino.com.br\/v2\/news\/tr\/320367?partnerId=4428\" \/>\n<meta name=\"author\" content=\"DINO\" \/>\n<meta name=\"twitter:card\" content=\"summary_large_image\" \/>\n<meta name=\"twitter:label1\" content=\"Written by\" \/>\n\t<meta name=\"twitter:data1\" content=\"DINO\" \/>\n\t<meta name=\"twitter:label2\" content=\"Est. reading time\" \/>\n\t<meta name=\"twitter:data2\" content=\"2 minutes\" \/>\n<script type=\"application\/ld+json\" class=\"yoast-schema-graph\">{\"@context\":\"https:\\\/\\\/schema.org\",\"@graph\":[{\"@type\":\"Article\",\"@id\":\"https:\\\/\\\/blogdoamazonas.com.br\\\/320367-abb-registra-recorde-de-pedidos-no-primeiro-trimestre-do-ano\\\/#article\",\"isPartOf\":{\"@id\":\"https:\\\/\\\/blogdoamazonas.com.br\\\/320367-abb-registra-recorde-de-pedidos-no-primeiro-trimestre-do-ano\\\/\"},\"author\":{\"name\":\"DINO\",\"@id\":\"https:\\\/\\\/blogdoamazonas.com.br\\\/#\\\/schema\\\/person\\\/10573d2ff72c2f798c404610f3f58bc7\"},\"headline\":\"ABB registra recorde de pedidos no primeiro trimestre do ano\",\"datePublished\":\"2026-04-27T00:00:00+00:00\",\"mainEntityOfPage\":{\"@id\":\"https:\\\/\\\/blogdoamazonas.com.br\\\/320367-abb-registra-recorde-de-pedidos-no-primeiro-trimestre-do-ano\\\/\"},\"wordCount\":356,\"commentCount\":0,\"image\":{\"@id\":\"https:\\\/\\\/blogdoamazonas.com.br\\\/320367-abb-registra-recorde-de-pedidos-no-primeiro-trimestre-do-ano\\\/#primaryimage\"},\"thumbnailUrl\":\"https:\\\/\\\/api.dino.com.br\\\/v2\\\/news\\\/tr\\\/320367?partnerId=4428\",\"keywords\":[\"ECONOMIA\",\"ENGENHARIA\",\"IND\u00daSTRIAS\",\"NEG\u00d3CIOS\",\"TECNOLOGIA\"],\"articleSection\":[\"Not\u00edcias Corporativas\"],\"inLanguage\":\"en-US\",\"potentialAction\":[{\"@type\":\"CommentAction\",\"name\":\"Comment\",\"target\":[\"https:\\\/\\\/blogdoamazonas.com.br\\\/320367-abb-registra-recorde-de-pedidos-no-primeiro-trimestre-do-ano\\\/#respond\"]}]},{\"@type\":\"WebPage\",\"@id\":\"https:\\\/\\\/blogdoamazonas.com.br\\\/320367-abb-registra-recorde-de-pedidos-no-primeiro-trimestre-do-ano\\\/\",\"url\":\"https:\\\/\\\/blogdoamazonas.com.br\\\/320367-abb-registra-recorde-de-pedidos-no-primeiro-trimestre-do-ano\\\/\",\"name\":\"ABB registra recorde de pedidos no primeiro trimestre do ano - Blog do Amazonas\",\"isPartOf\":{\"@id\":\"https:\\\/\\\/blogdoamazonas.com.br\\\/#website\"},\"primaryImageOfPage\":{\"@id\":\"https:\\\/\\\/blogdoamazonas.com.br\\\/320367-abb-registra-recorde-de-pedidos-no-primeiro-trimestre-do-ano\\\/#primaryimage\"},\"image\":{\"@id\":\"https:\\\/\\\/blogdoamazonas.com.br\\\/320367-abb-registra-recorde-de-pedidos-no-primeiro-trimestre-do-ano\\\/#primaryimage\"},\"thumbnailUrl\":\"https:\\\/\\\/api.dino.com.br\\\/v2\\\/news\\\/tr\\\/320367?partnerId=4428\",\"datePublished\":\"2026-04-27T00:00:00+00:00\",\"author\":{\"@id\":\"https:\\\/\\\/blogdoamazonas.com.br\\\/#\\\/schema\\\/person\\\/10573d2ff72c2f798c404610f3f58bc7\"},\"breadcrumb\":{\"@id\":\"https:\\\/\\\/blogdoamazonas.com.br\\\/320367-abb-registra-recorde-de-pedidos-no-primeiro-trimestre-do-ano\\\/#breadcrumb\"},\"inLanguage\":\"en-US\",\"potentialAction\":[{\"@type\":\"ReadAction\",\"target\":[\"https:\\\/\\\/blogdoamazonas.com.br\\\/320367-abb-registra-recorde-de-pedidos-no-primeiro-trimestre-do-ano\\\/\"]}]},{\"@type\":\"ImageObject\",\"inLanguage\":\"en-US\",\"@id\":\"https:\\\/\\\/blogdoamazonas.com.br\\\/320367-abb-registra-recorde-de-pedidos-no-primeiro-trimestre-do-ano\\\/#primaryimage\",\"url\":\"https:\\\/\\\/api.dino.com.br\\\/v2\\\/news\\\/tr\\\/320367?partnerId=4428\",\"contentUrl\":\"https:\\\/\\\/api.dino.com.br\\\/v2\\\/news\\\/tr\\\/320367?partnerId=4428\"},{\"@type\":\"BreadcrumbList\",\"@id\":\"https:\\\/\\\/blogdoamazonas.com.br\\\/320367-abb-registra-recorde-de-pedidos-no-primeiro-trimestre-do-ano\\\/#breadcrumb\",\"itemListElement\":[{\"@type\":\"ListItem\",\"position\":1,\"name\":\"In\u00edcio\",\"item\":\"https:\\\/\\\/blogdoamazonas.com.br\\\/\"},{\"@type\":\"ListItem\",\"position\":2,\"name\":\"ABB registra recorde de pedidos no primeiro trimestre do ano\"}]},{\"@type\":\"WebSite\",\"@id\":\"https:\\\/\\\/blogdoamazonas.com.br\\\/#website\",\"url\":\"https:\\\/\\\/blogdoamazonas.com.br\\\/\",\"name\":\"Blog do Amazonas\",\"description\":\"Not\u00edcias de Manaus, Amazonas e Brasil\",\"potentialAction\":[{\"@type\":\"SearchAction\",\"target\":{\"@type\":\"EntryPoint\",\"urlTemplate\":\"https:\\\/\\\/blogdoamazonas.com.br\\\/?s={search_term_string}\"},\"query-input\":{\"@type\":\"PropertyValueSpecification\",\"valueRequired\":true,\"valueName\":\"search_term_string\"}}],\"inLanguage\":\"en-US\"},{\"@type\":\"Person\",\"@id\":\"https:\\\/\\\/blogdoamazonas.com.br\\\/#\\\/schema\\\/person\\\/10573d2ff72c2f798c404610f3f58bc7\",\"name\":\"DINO\",\"image\":{\"@type\":\"ImageObject\",\"inLanguage\":\"en-US\",\"@id\":\"https:\\\/\\\/secure.gravatar.com\\\/avatar\\\/f29568383aedf96da155b6f87103b0e04b1c662f982055cda25086444ab33ff8?s=96&d=mm&r=g\",\"url\":\"https:\\\/\\\/secure.gravatar.com\\\/avatar\\\/f29568383aedf96da155b6f87103b0e04b1c662f982055cda25086444ab33ff8?s=96&d=mm&r=g\",\"contentUrl\":\"https:\\\/\\\/secure.gravatar.com\\\/avatar\\\/f29568383aedf96da155b6f87103b0e04b1c662f982055cda25086444ab33ff8?s=96&d=mm&r=g\",\"caption\":\"DINO\"},\"url\":\"https:\\\/\\\/blogdoamazonas.com.br\\\/en\\\/author\\\/DINO\\\/\"}]}<\/script>\n<!-- \/ Yoast SEO plugin. -->","yoast_head_json":{"title":"ABB registra recorde de pedidos no primeiro trimestre do ano - Blog do Amazonas","robots":{"index":"index","follow":"follow","max-snippet":"max-snippet:-1","max-image-preview":"max-image-preview:large","max-video-preview":"max-video-preview:-1"},"canonical":"https:\/\/blogdoamazonas.com.br\/en\/320367-abb-registra-recorde-de-pedidos-no-primeiro-trimestre-do-ano\/","og_locale":"en_US","og_type":"article","og_title":"ABB registra recorde de pedidos no primeiro trimestre do ano - Blog do Amazonas","og_description":"Resultado faz CEO rever para cima receita projetada para 2026","og_url":"https:\/\/blogdoamazonas.com.br\/en\/320367-abb-registra-recorde-de-pedidos-no-primeiro-trimestre-do-ano\/","og_site_name":"Blog do Amazonas","article_published_time":"2026-04-27T00:00:00+00:00","og_image":[{"url":"https:\/\/api.dino.com.br\/v2\/news\/tr\/320367?partnerId=4428","type":"","width":"","height":""}],"author":"DINO","twitter_card":"summary_large_image","twitter_misc":{"Written by":"DINO","Est. reading time":"2 minutes"},"schema":{"@context":"https:\/\/schema.org","@graph":[{"@type":"Article","@id":"https:\/\/blogdoamazonas.com.br\/320367-abb-registra-recorde-de-pedidos-no-primeiro-trimestre-do-ano\/#article","isPartOf":{"@id":"https:\/\/blogdoamazonas.com.br\/320367-abb-registra-recorde-de-pedidos-no-primeiro-trimestre-do-ano\/"},"author":{"name":"DINO","@id":"https:\/\/blogdoamazonas.com.br\/#\/schema\/person\/10573d2ff72c2f798c404610f3f58bc7"},"headline":"ABB registra recorde de pedidos no primeiro trimestre do ano","datePublished":"2026-04-27T00:00:00+00:00","mainEntityOfPage":{"@id":"https:\/\/blogdoamazonas.com.br\/320367-abb-registra-recorde-de-pedidos-no-primeiro-trimestre-do-ano\/"},"wordCount":356,"commentCount":0,"image":{"@id":"https:\/\/blogdoamazonas.com.br\/320367-abb-registra-recorde-de-pedidos-no-primeiro-trimestre-do-ano\/#primaryimage"},"thumbnailUrl":"https:\/\/api.dino.com.br\/v2\/news\/tr\/320367?partnerId=4428","keywords":["ECONOMIA","ENGENHARIA","IND\u00daSTRIAS","NEG\u00d3CIOS","TECNOLOGIA"],"articleSection":["Not\u00edcias Corporativas"],"inLanguage":"en-US","potentialAction":[{"@type":"CommentAction","name":"Comment","target":["https:\/\/blogdoamazonas.com.br\/320367-abb-registra-recorde-de-pedidos-no-primeiro-trimestre-do-ano\/#respond"]}]},{"@type":"WebPage","@id":"https:\/\/blogdoamazonas.com.br\/320367-abb-registra-recorde-de-pedidos-no-primeiro-trimestre-do-ano\/","url":"https:\/\/blogdoamazonas.com.br\/320367-abb-registra-recorde-de-pedidos-no-primeiro-trimestre-do-ano\/","name":"ABB registra recorde de pedidos no primeiro trimestre do ano - Blog do Amazonas","isPartOf":{"@id":"https:\/\/blogdoamazonas.com.br\/#website"},"primaryImageOfPage":{"@id":"https:\/\/blogdoamazonas.com.br\/320367-abb-registra-recorde-de-pedidos-no-primeiro-trimestre-do-ano\/#primaryimage"},"image":{"@id":"https:\/\/blogdoamazonas.com.br\/320367-abb-registra-recorde-de-pedidos-no-primeiro-trimestre-do-ano\/#primaryimage"},"thumbnailUrl":"https:\/\/api.dino.com.br\/v2\/news\/tr\/320367?partnerId=4428","datePublished":"2026-04-27T00:00:00+00:00","author":{"@id":"https:\/\/blogdoamazonas.com.br\/#\/schema\/person\/10573d2ff72c2f798c404610f3f58bc7"},"breadcrumb":{"@id":"https:\/\/blogdoamazonas.com.br\/320367-abb-registra-recorde-de-pedidos-no-primeiro-trimestre-do-ano\/#breadcrumb"},"inLanguage":"en-US","potentialAction":[{"@type":"ReadAction","target":["https:\/\/blogdoamazonas.com.br\/320367-abb-registra-recorde-de-pedidos-no-primeiro-trimestre-do-ano\/"]}]},{"@type":"ImageObject","inLanguage":"en-US","@id":"https:\/\/blogdoamazonas.com.br\/320367-abb-registra-recorde-de-pedidos-no-primeiro-trimestre-do-ano\/#primaryimage","url":"https:\/\/api.dino.com.br\/v2\/news\/tr\/320367?partnerId=4428","contentUrl":"https:\/\/api.dino.com.br\/v2\/news\/tr\/320367?partnerId=4428"},{"@type":"BreadcrumbList","@id":"https:\/\/blogdoamazonas.com.br\/320367-abb-registra-recorde-de-pedidos-no-primeiro-trimestre-do-ano\/#breadcrumb","itemListElement":[{"@type":"ListItem","position":1,"name":"In\u00edcio","item":"https:\/\/blogdoamazonas.com.br\/"},{"@type":"ListItem","position":2,"name":"ABB registra recorde de pedidos no primeiro trimestre do ano"}]},{"@type":"WebSite","@id":"https:\/\/blogdoamazonas.com.br\/#website","url":"https:\/\/blogdoamazonas.com.br\/","name":"Blog do Amazonas","description":"Not\u00edcias de Manaus, Amazonas e Brasil","potentialAction":[{"@type":"SearchAction","target":{"@type":"EntryPoint","urlTemplate":"https:\/\/blogdoamazonas.com.br\/?s={search_term_string}"},"query-input":{"@type":"PropertyValueSpecification","valueRequired":true,"valueName":"search_term_string"}}],"inLanguage":"en-US"},{"@type":"Person","@id":"https:\/\/blogdoamazonas.com.br\/#\/schema\/person\/10573d2ff72c2f798c404610f3f58bc7","name":"DINO","image":{"@type":"ImageObject","inLanguage":"en-US","@id":"https:\/\/secure.gravatar.com\/avatar\/f29568383aedf96da155b6f87103b0e04b1c662f982055cda25086444ab33ff8?s=96&d=mm&r=g","url":"https:\/\/secure.gravatar.com\/avatar\/f29568383aedf96da155b6f87103b0e04b1c662f982055cda25086444ab33ff8?s=96&d=mm&r=g","contentUrl":"https:\/\/secure.gravatar.com\/avatar\/f29568383aedf96da155b6f87103b0e04b1c662f982055cda25086444ab33ff8?s=96&d=mm&r=g","caption":"DINO"},"url":"https:\/\/blogdoamazonas.com.br\/en\/author\/DINO\/"}]}},"jetpack_publicize_connections":[],"jetpack_featured_media_url":"","jetpack-related-posts":[{"id":9901,"url":"https:\/\/blogdoamazonas.com.br\/en\/319337-abb-investe-us-75-milhoes-na-india-para-expandir-manufatura\/","url_meta":{"origin":14206,"position":0},"title":"ABB investe US$ 75 milh\u00f5es na \u00cdndia para expandir manufatura","author":"DINO","date":"March 20, 2026","format":false,"excerpt":"Aporte vai gerar 300 empregos diretos no pa\u00eds.","rel":"","context":"In &quot;Not\u00edcias Corporativas&quot;","block_context":{"text":"Not\u00edcias Corporativas","link":"https:\/\/blogdoamazonas.com.br\/en\/categoria\/noticias-corporativas-dino\/"},"img":{"alt_text":"","src":"","width":0,"height":0},"classes":[]},{"id":7460,"url":"https:\/\/blogdoamazonas.com.br\/en\/327069-elanco-cresce-7-e-estima-receita-acima-de-us-5-bi-em-2026\/","url_meta":{"origin":14206,"position":1},"title":"Elanco cresce 7% e estima receita acima de US$ 5 bi em 2026","author":"DINO","date":"February 24, 2026","format":false,"excerpt":"A Elanco fechou 2025 com receita de US$ 4,715 bilh\u00f5es, crescimento de 7% em moeda constante. No Brasil, um dos principais mercados da companhia, houve amplia\u00e7\u00e3o do portf\u00f3lio em Pet Health e Animais de Produ\u00e7\u00e3o. Para 2026, a empresa projeta receita entre US$ 4,95 bilh\u00f5es e US$ 5,02 bilh\u00f5es e\u2026","rel":"","context":"In &quot;Not\u00edcias Corporativas&quot;","block_context":{"text":"Not\u00edcias Corporativas","link":"https:\/\/blogdoamazonas.com.br\/en\/categoria\/noticias-corporativas-dino\/"},"img":{"alt_text":"Elanco cresce 7% e estima receita acima de US$ 5 bi em 2026","src":"https:\/\/i0.wp.com\/blogdoamazonas.com.br\/wp-content\/uploads\/2026\/02\/abd14c50-8a05-4f5b-8603-52f4a815e9d9.jpeg?fit=1200%2C800&ssl=1&resize=350%2C200","width":350,"height":200,"srcset":"https:\/\/i0.wp.com\/blogdoamazonas.com.br\/wp-content\/uploads\/2026\/02\/abd14c50-8a05-4f5b-8603-52f4a815e9d9.jpeg?fit=1200%2C800&ssl=1&resize=350%2C200 1x, https:\/\/i0.wp.com\/blogdoamazonas.com.br\/wp-content\/uploads\/2026\/02\/abd14c50-8a05-4f5b-8603-52f4a815e9d9.jpeg?fit=1200%2C800&ssl=1&resize=525%2C300 1.5x, https:\/\/i0.wp.com\/blogdoamazonas.com.br\/wp-content\/uploads\/2026\/02\/abd14c50-8a05-4f5b-8603-52f4a815e9d9.jpeg?fit=1200%2C800&ssl=1&resize=700%2C400 2x, https:\/\/i0.wp.com\/blogdoamazonas.com.br\/wp-content\/uploads\/2026\/02\/abd14c50-8a05-4f5b-8603-52f4a815e9d9.jpeg?fit=1200%2C800&ssl=1&resize=1050%2C600 3x"},"classes":[]},{"id":7757,"url":"https:\/\/blogdoamazonas.com.br\/en\/327919-a-beone-medicines-anuncia-resultados-financeiros-do-quarto-trimestre-e-do-ano-fiscal-de-2025-destacando-o-sucesso-global-do-brukinsa-e-a-lideranca-fundamental-em-oncologia\/","url_meta":{"origin":14206,"position":2},"title":"A BeOne Medicines anuncia resultados financeiros do quarto trimestre e do ano fiscal de 2025, destacando o sucesso global do BRUKINSA e a lideran\u00e7a fundamental em oncologia","author":"DINO","date":"February 27, 2026","format":false,"excerpt":"Receita global total de US$ 1,5 bilh\u00e3o e US$ 5,3 bilh\u00f5es para o quarto trimestre e o ano fiscal, respectivamente, representando aumentos de 33% e 40% em rela\u00e7\u00e3o aos per\u00edodos do ano anteriorReceita global do BRUKINSA (zanubrutinibe) de US$ 1,1 bilh\u00e3o e US$ 3,9 bilh\u00f5es para o quarto trimestre e\u2026","rel":"","context":"In &quot;Not\u00edcias Corporativas&quot;","block_context":{"text":"Not\u00edcias Corporativas","link":"https:\/\/blogdoamazonas.com.br\/en\/categoria\/noticias-corporativas-dino\/"},"img":{"alt_text":"","src":"","width":0,"height":0},"classes":[]},{"id":4685,"url":"https:\/\/blogdoamazonas.com.br\/en\/ibovespa-fecha-em-novo-recorde-nominal-com-pesos-pesados-e-derretimento-nos-eua\/","url_meta":{"origin":14206,"position":3},"title":"Ibovespa fecha em novo recorde nominal com \u2018pesos-pesados\u2019 e derretimento nos EUA","author":"Reda\u00e7\u00e3o","date":"January 20, 2026","format":false,"excerpt":"\u00cdndice voltou a renovar a m\u00e1xima hist\u00f3rica intradia durante a sess\u00e3o, acima dos 166.467 pontos","rel":"","context":"In &quot;Economia&quot;","block_context":{"text":"Economia","link":"https:\/\/blogdoamazonas.com.br\/en\/categoria\/economia\/"},"img":{"alt_text":"","src":"https:\/\/i0.wp.com\/blogdoamazonas.com.br\/wp-content\/uploads\/2026\/01\/Ibovespafechaemnovorecordenominalcompesos-pesadosederretimentonosEUA_0043923001768955914.jpeg?fit=400%2C250&ssl=1&resize=350%2C200","width":350,"height":200},"classes":[]},{"id":5112,"url":"https:\/\/blogdoamazonas.com.br\/en\/326517-slb-anuncia-resultados-do-quarto-trimestre-e-do-ano-fiscal-de-2025-aumenta-dividendos-e-se-compromete-a-devolver-mais-de-us-4-bilhoes-aos-acionistas-em-2026\/","url_meta":{"origin":14206,"position":4},"title":"SLB anuncia resultados do quarto trimestre e do ano fiscal de 2025, aumenta dividendos e se compromete a devolver mais de US$ 4 bilh\u00f5es aos acionistas em 2026","author":"DINO","date":"January 26, 2026","format":false,"excerpt":"A receita do quarto trimestre, de US$ 9,75 bilh\u00f5es, aumentou 9% em rela\u00e7\u00e3o ao trimestre anterior e 5% em rela\u00e7\u00e3o ao mesmo per\u00edodo do ano anterior O lucro por a\u00e7\u00e3o (EPS) GAAP do quarto trimestre, de US$ 0,55, aumentou 10% em rela\u00e7\u00e3o ao trimestre anterior e diminuiu 29% em rela\u00e7\u00e3o\u2026","rel":"","context":"In &quot;Not\u00edcias Corporativas&quot;","block_context":{"text":"Not\u00edcias Corporativas","link":"https:\/\/blogdoamazonas.com.br\/en\/categoria\/noticias-corporativas-dino\/"},"img":{"alt_text":"","src":"","width":0,"height":0},"classes":[]},{"id":13345,"url":"https:\/\/blogdoamazonas.com.br\/en\/330331-coventry-num-1-no-relatorio-de-classificacao-de-life-settlements-de-2025\/","url_meta":{"origin":14206,"position":5},"title":"Coventry N\u00fam. 1 no Relat\u00f3rio de Classifica\u00e7\u00e3o de Life Settlements de 2025","author":"DINO","date":"April 20, 2026","format":false,"excerpt":"Coventry lidera o mercado secund\u00e1rio em contagem de ap\u00f3lices, valor nominal e valor total pago aos segurados, refor\u00e7ando sua posi\u00e7\u00e3o como o comprador mais ativo e consistente do setor","rel":"","context":"In &quot;Not\u00edcias Corporativas&quot;","block_context":{"text":"Not\u00edcias Corporativas","link":"https:\/\/blogdoamazonas.com.br\/en\/categoria\/noticias-corporativas-dino\/"},"img":{"alt_text":"","src":"","width":0,"height":0},"classes":[]}],"jetpack_sharing_enabled":true,"jetpack_shortlink":"https:\/\/wp.me\/pcvwls-3H8","_links":{"self":[{"href":"https:\/\/blogdoamazonas.com.br\/en\/wp-json\/wp\/v2\/posts\/14206","targetHints":{"allow":["GET"]}}],"collection":[{"href":"https:\/\/blogdoamazonas.com.br\/en\/wp-json\/wp\/v2\/posts"}],"about":[{"href":"https:\/\/blogdoamazonas.com.br\/en\/wp-json\/wp\/v2\/types\/post"}],"author":[{"embeddable":true,"href":"https:\/\/blogdoamazonas.com.br\/en\/wp-json\/wp\/v2\/users\/2"}],"replies":[{"embeddable":true,"href":"https:\/\/blogdoamazonas.com.br\/en\/wp-json\/wp\/v2\/comments?post=14206"}],"version-history":[{"count":0,"href":"https:\/\/blogdoamazonas.com.br\/en\/wp-json\/wp\/v2\/posts\/14206\/revisions"}],"wp:attachment":[{"href":"https:\/\/blogdoamazonas.com.br\/en\/wp-json\/wp\/v2\/media?parent=14206"}],"wp:term":[{"taxonomy":"category","embeddable":true,"href":"https:\/\/blogdoamazonas.com.br\/en\/wp-json\/wp\/v2\/categories?post=14206"},{"taxonomy":"post_tag","embeddable":true,"href":"https:\/\/blogdoamazonas.com.br\/en\/wp-json\/wp\/v2\/tags?post=14206"}],"curies":[{"name":"wp","href":"https:\/\/api.w.org\/{rel}","templated":true}]}}