{"id":1482,"date":"2025-11-28T00:00:00","date_gmt":"2025-11-28T00:00:00","guid":{"rendered":"https:\/\/blogdoamazonas.com.br\/322523-manpower-abre-110-vagas-para-tecnico-de-manutencao\/"},"modified":"2025-11-28T00:00:00","modified_gmt":"2025-11-28T00:00:00","slug":"322523-manpower-abre-110-vagas-para-tecnico-de-manutencao","status":"publish","type":"post","link":"https:\/\/blogdoamazonas.com.br\/en\/322523-manpower-abre-110-vagas-para-tecnico-de-manutencao\/","title":{"rendered":"Manpower abre 110 vagas para t\u00e9cnico de manuten\u00e7\u00e3o"},"content":{"rendered":"<p>A consultoria de&nbsp;solu\u00e7\u00f5es em&nbsp;Recursos Humanos,&nbsp;<strong>ManpowerGroup&nbsp;Brasil<\/strong>,&nbsp;est\u00e1 ofertando&nbsp;mais de&nbsp;<strong>100<\/strong>&nbsp;oportunidades&nbsp;de emprego para os setores de&nbsp;infraestrutura e manuten\u00e7\u00e3o. A empresa atua em todo o territ\u00f3rio nacional no processo de recrutamento e sele\u00e7\u00e3o&nbsp;e&nbsp;est\u00e1 contratando para o cargo de&nbsp;<strong>t\u00e9cnico(a) de manuten\u00e7\u00e3o de rede \u00f3ptica<\/strong>. As cidades contempladas est\u00e3o listadas abaixo:<\/p>\n<ul>\n<li aria-setsize=\"-1\" data-leveltext=\"\uf0b7\" data-font=\"Symbol\" data-listid=\"1\" data-list-defn-props=\"{&quot;335552541&quot;:1,&quot;335559683&quot;:0,&quot;335559684&quot;:-2,&quot;335559685&quot;:720,&quot;335559991&quot;:360,&quot;469769226&quot;:&quot;Symbol&quot;,&quot;469769242&quot;:[8226],&quot;469777803&quot;:&quot;left&quot;,&quot;469777804&quot;:&quot;\uf0b7&quot;,&quot;469777815&quot;:&quot;hybridMultilevel&quot;}\" data-aria-posinset=\"1\" data-aria-level=\"1\">Manaus &#8211; AM;<\/li>\n<\/ul>\n<ul>\n<li aria-setsize=\"-1\" data-leveltext=\"\uf0b7\" data-font=\"Symbol\" data-listid=\"1\" data-list-defn-props=\"{&quot;335552541&quot;:1,&quot;335559683&quot;:0,&quot;335559684&quot;:-2,&quot;335559685&quot;:720,&quot;335559991&quot;:360,&quot;469769226&quot;:&quot;Symbol&quot;,&quot;469769242&quot;:[8226],&quot;469777803&quot;:&quot;left&quot;,&quot;469777804&quot;:&quot;\uf0b7&quot;,&quot;469777815&quot;:&quot;hybridMultilevel&quot;}\" data-aria-posinset=\"2\" data-aria-level=\"1\">Ribeir\u00e3o Preto &#8211; SP;<\/li>\n<\/ul>\n<ul>\n<li aria-setsize=\"-1\" data-leveltext=\"\uf0b7\" data-font=\"Symbol\" data-listid=\"1\" data-list-defn-props=\"{&quot;335552541&quot;:1,&quot;335559683&quot;:0,&quot;335559684&quot;:-2,&quot;335559685&quot;:720,&quot;335559991&quot;:360,&quot;469769226&quot;:&quot;Symbol&quot;,&quot;469769242&quot;:[8226],&quot;469777803&quot;:&quot;left&quot;,&quot;469777804&quot;:&quot;\uf0b7&quot;,&quot;469777815&quot;:&quot;hybridMultilevel&quot;}\" data-aria-posinset=\"3\" data-aria-level=\"1\">Guarulhos &#8211; SP;<\/li>\n<\/ul>\n<ul>\n<li aria-setsize=\"-1\" data-leveltext=\"\uf0b7\" data-font=\"Symbol\" data-listid=\"1\" data-list-defn-props=\"{&quot;335552541&quot;:1,&quot;335559683&quot;:0,&quot;335559684&quot;:-2,&quot;335559685&quot;:720,&quot;335559991&quot;:360,&quot;469769226&quot;:&quot;Symbol&quot;,&quot;469769242&quot;:[8226],&quot;469777803&quot;:&quot;left&quot;,&quot;469777804&quot;:&quot;\uf0b7&quot;,&quot;469777815&quot;:&quot;hybridMultilevel&quot;}\" data-aria-posinset=\"4\" data-aria-level=\"1\">Campinas &#8211; SP;<\/li>\n<\/ul>\n<ul>\n<li aria-setsize=\"-1\" data-leveltext=\"\uf0b7\" data-font=\"Symbol\" data-listid=\"1\" data-list-defn-props=\"{&quot;335552541&quot;:1,&quot;335559683&quot;:0,&quot;335559684&quot;:-2,&quot;335559685&quot;:720,&quot;335559991&quot;:360,&quot;469769226&quot;:&quot;Symbol&quot;,&quot;469769242&quot;:[8226],&quot;469777803&quot;:&quot;left&quot;,&quot;469777804&quot;:&quot;\uf0b7&quot;,&quot;469777815&quot;:&quot;hybridMultilevel&quot;}\" data-aria-posinset=\"5\" data-aria-level=\"1\">S\u00e3o Jos\u00e9 do Rio Preto &#8211; SP;<\/li>\n<\/ul>\n<ul>\n<li aria-setsize=\"-1\" data-leveltext=\"\uf0b7\" data-font=\"Symbol\" data-listid=\"1\" data-list-defn-props=\"{&quot;335552541&quot;:1,&quot;335559683&quot;:0,&quot;335559684&quot;:-2,&quot;335559685&quot;:720,&quot;335559991&quot;:360,&quot;469769226&quot;:&quot;Symbol&quot;,&quot;469769242&quot;:[8226],&quot;469777803&quot;:&quot;left&quot;,&quot;469777804&quot;:&quot;\uf0b7&quot;,&quot;469777815&quot;:&quot;hybridMultilevel&quot;}\" data-aria-posinset=\"6\" data-aria-level=\"1\">S\u00e3o Jos\u00e9 do Campo &#8211; SP;<\/li>\n<\/ul>\n<ul>\n<li aria-setsize=\"-1\" data-leveltext=\"\uf0b7\" data-font=\"Symbol\" data-listid=\"1\" data-list-defn-props=\"{&quot;335552541&quot;:1,&quot;335559683&quot;:0,&quot;335559684&quot;:-2,&quot;335559685&quot;:720,&quot;335559991&quot;:360,&quot;469769226&quot;:&quot;Symbol&quot;,&quot;469769242&quot;:[8226],&quot;469777803&quot;:&quot;left&quot;,&quot;469777804&quot;:&quot;\uf0b7&quot;,&quot;469777815&quot;:&quot;hybridMultilevel&quot;}\" data-aria-posinset=\"7\" data-aria-level=\"1\">Manaus &#8211; AM;<\/li>\n<\/ul>\n<ul>\n<li aria-setsize=\"-1\" data-leveltext=\"\uf0b7\" data-font=\"Symbol\" data-listid=\"1\" data-list-defn-props=\"{&quot;335552541&quot;:1,&quot;335559683&quot;:0,&quot;335559684&quot;:-2,&quot;335559685&quot;:720,&quot;335559991&quot;:360,&quot;469769226&quot;:&quot;Symbol&quot;,&quot;469769242&quot;:[8226],&quot;469777803&quot;:&quot;left&quot;,&quot;469777804&quot;:&quot;\uf0b7&quot;,&quot;469777815&quot;:&quot;hybridMultilevel&quot;}\" data-aria-posinset=\"8\" data-aria-level=\"1\">Bel\u00e9m &#8211; PA;<\/li>\n<\/ul>\n<ul>\n<li aria-setsize=\"-1\" data-leveltext=\"\uf0b7\" data-font=\"Symbol\" data-listid=\"1\" data-list-defn-props=\"{&quot;335552541&quot;:1,&quot;335559683&quot;:0,&quot;335559684&quot;:-2,&quot;335559685&quot;:720,&quot;335559991&quot;:360,&quot;469769226&quot;:&quot;Symbol&quot;,&quot;469769242&quot;:[8226],&quot;469777803&quot;:&quot;left&quot;,&quot;469777804&quot;:&quot;\uf0b7&quot;,&quot;469777815&quot;:&quot;hybridMultilevel&quot;}\" data-aria-posinset=\"9\" data-aria-level=\"1\">Boa Vista &#8211; RR;<\/li>\n<\/ul>\n<ul>\n<li aria-setsize=\"-1\" data-leveltext=\"\uf0b7\" data-font=\"Symbol\" data-listid=\"1\" data-list-defn-props=\"{&quot;335552541&quot;:1,&quot;335559683&quot;:0,&quot;335559684&quot;:-2,&quot;335559685&quot;:720,&quot;335559991&quot;:360,&quot;469769226&quot;:&quot;Symbol&quot;,&quot;469769242&quot;:[8226],&quot;469777803&quot;:&quot;left&quot;,&quot;469777804&quot;:&quot;\uf0b7&quot;,&quot;469777815&quot;:&quot;hybridMultilevel&quot;}\" data-aria-posinset=\"10\" data-aria-level=\"1\">Rio Branco &#8211; AC;<\/li>\n<\/ul>\n<ul>\n<li aria-setsize=\"-1\" data-leveltext=\"\uf0b7\" data-font=\"Symbol\" data-listid=\"1\" data-list-defn-props=\"{&quot;335552541&quot;:1,&quot;335559683&quot;:0,&quot;335559684&quot;:-2,&quot;335559685&quot;:720,&quot;335559991&quot;:360,&quot;469769226&quot;:&quot;Symbol&quot;,&quot;469769242&quot;:[8226],&quot;469777803&quot;:&quot;left&quot;,&quot;469777804&quot;:&quot;\uf0b7&quot;,&quot;469777815&quot;:&quot;hybridMultilevel&quot;}\" data-aria-posinset=\"11\" data-aria-level=\"1\">S\u00e3o Lu\u00eds &#8211; MA.<\/li>\n<\/ul>\n<p>Para serem eleg\u00edveis, os candidatos devem possuir&nbsp;ensino&nbsp;m\u00e9dio&nbsp;completo, possuir Carteira Nacional de Habilita\u00e7\u00e3o (CNH) categoria B, disponibilidade para atua\u00e7\u00e3o aos finais de semana e feriados e capacidade de trabalhar em altura.<\/p>\n<p>As principais atribui\u00e7\u00f5es&nbsp;envolvem realizar instala\u00e7\u00f5es, manuten\u00e7\u00f5es e reparos em campo; configurar equipamentos e dispositivos de rede; atuar com fibra \u00f3ptica; realizar manuten\u00e7\u00f5es preventivas e corretivas; identificar e solucionar falhas na rede para garantir a disponibilidade do servi\u00e7o; manusear instrumentos como m\u00e1quina de fus\u00e3o OTDR e Power Meter para aferir a qualidade do sinal e remover atenua\u00e7\u00e3o.<br \/>&nbsp;<br \/>Os benef\u00edcios podem variar de acordo com&nbsp;a&nbsp;vaga, mas incluem: vale-refei\u00e7\u00e3o,&nbsp;vale-transporte,&nbsp;vale-alimenta\u00e7\u00e3o,&nbsp;assist\u00eancia m\u00e9dica&nbsp;e&nbsp;assist\u00eancia odontol\u00f3gica.<\/p>\n<p>Os profissionais interessados podem conferir outras informa\u00e7\u00f5es e fazer um cadastro por meio do&nbsp;formul\u00e1rio online: <a class=\"article-editor-link article-editor-link\" rel=\"follow\" target=\"_blank\" href=\"https:\/\/forms.office.com\/r\/fBhcJFTgQn\">https:\/\/forms.office.com\/r\/fBhcJFTgQn<\/a><\/p>\n<p>Para&nbsp;mais informa\u00e7\u00f5es&nbsp;e&nbsp;outras oportunidades de emprego, basta acessar o portal&nbsp;e conferir&nbsp;as vagas abertas em todo o Brasil:&nbsp;<a rel=\"follow noopener\" target=\"_blank\" href=\"https:\/\/vagas.manpowergroup.com.br\/\" data-mce-selected=\"inline-boundary\">https:\/\/vagas.manpowergroup.com.br\/<\/a>.<\/p>\n<p><img src='https:\/\/api.dino.com.br\/v2\/news\/tr\/322523?partnerId=4428' alt=\"\" style=\"border:0px;width:1px;height:1px;\" \/><\/p>\n<input type=\"hidden\" id=\"baseurl\" value=\"https:\/\/blogdoamazonas.com.br\/en\"><input type=\"hidden\" id=\"audio_nonce\" value=\"65a14a18f7\">","protected":false},"excerpt":{"rendered":"<p>A empresa de recursos humanos ManpowerGroup est\u00e1 com 110 vagas efetivas (CLT) abertas para t\u00e9cnico(a) de manuten\u00e7\u00e3o de rede \u00f3ptica. A oportunidade abrange diversas cidades do Brasil.<\/p>","protected":false},"author":2,"featured_media":1483,"comment_status":"open","ping_status":"open","sticky":false,"template":"","format":"standard","meta":{"jetpack_post_was_ever_published":false,"_jetpack_newsletter_access":"","_jetpack_dont_email_post_to_subs":false,"_jetpack_newsletter_tier_id":0,"_jetpack_memberships_contains_paywalled_content":false,"_jetpack_memberships_contains_paid_content":false,"footnotes":"","jetpack_publicize_message":"","jetpack_publicize_feature_enabled":true,"jetpack_social_post_already_shared":true,"jetpack_social_options":{"image_generator_settings":{"template":"highway","default_image_id":0,"font":"","enabled":false},"version":2}},"categories":[21],"tags":[39,75,37,38,80],"class_list":["post-1482","post","type-post","status-publish","format-standard","has-post-thumbnail","hentry","category-noticias-corporativas-dino","tag-economia","tag-engenharia","tag-industrias","tag-marketing","tag-urbanismo"],"yoast_head":"<!-- This site is optimized with the Yoast SEO plugin v27.4 - https:\/\/yoast.com\/product\/yoast-seo-wordpress\/ -->\n<title>Manpower abre 110 vagas para t\u00e9cnico de manuten\u00e7\u00e3o - Blog do Amazonas<\/title>\n<meta name=\"robots\" content=\"index, follow, max-snippet:-1, max-image-preview:large, max-video-preview:-1\" \/>\n<link rel=\"canonical\" href=\"https:\/\/blogdoamazonas.com.br\/en\/322523-manpower-abre-110-vagas-para-tecnico-de-manutencao\/\" \/>\n<meta property=\"og:locale\" content=\"en_US\" \/>\n<meta property=\"og:type\" content=\"article\" \/>\n<meta property=\"og:title\" content=\"Manpower abre 110 vagas para t\u00e9cnico de manuten\u00e7\u00e3o - Blog do Amazonas\" \/>\n<meta property=\"og:description\" content=\"A empresa de recursos humanos ManpowerGroup est\u00e1 com 110 vagas efetivas (CLT) abertas para t\u00e9cnico(a) de manuten\u00e7\u00e3o de rede \u00f3ptica. A oportunidade abrange diversas cidades do Brasil.\" \/>\n<meta property=\"og:url\" content=\"https:\/\/blogdoamazonas.com.br\/en\/322523-manpower-abre-110-vagas-para-tecnico-de-manutencao\/\" \/>\n<meta property=\"og:site_name\" content=\"Blog do Amazonas\" \/>\n<meta property=\"article:published_time\" content=\"2025-11-28T00:00:00+00:00\" \/>\n<meta property=\"og:image\" content=\"https:\/\/api.dino.com.br\/v2\/news\/tr\/322523?partnerId=4428\" \/>\n<meta name=\"author\" content=\"DINO\" \/>\n<meta name=\"twitter:card\" content=\"summary_large_image\" \/>\n<meta name=\"twitter:label1\" content=\"Written by\" \/>\n\t<meta name=\"twitter:data1\" content=\"DINO\" \/>\n\t<meta name=\"twitter:label2\" content=\"Est. reading time\" \/>\n\t<meta name=\"twitter:data2\" content=\"2 minutes\" \/>\n<script type=\"application\/ld+json\" class=\"yoast-schema-graph\">{\"@context\":\"https:\\\/\\\/schema.org\",\"@graph\":[{\"@type\":\"Article\",\"@id\":\"https:\\\/\\\/blogdoamazonas.com.br\\\/322523-manpower-abre-110-vagas-para-tecnico-de-manutencao\\\/#article\",\"isPartOf\":{\"@id\":\"https:\\\/\\\/blogdoamazonas.com.br\\\/322523-manpower-abre-110-vagas-para-tecnico-de-manutencao\\\/\"},\"author\":{\"name\":\"DINO\",\"@id\":\"https:\\\/\\\/blogdoamazonas.com.br\\\/#\\\/schema\\\/person\\\/10573d2ff72c2f798c404610f3f58bc7\"},\"headline\":\"Manpower abre 110 vagas para t\u00e9cnico de manuten\u00e7\u00e3o\",\"datePublished\":\"2025-11-28T00:00:00+00:00\",\"mainEntityOfPage\":{\"@id\":\"https:\\\/\\\/blogdoamazonas.com.br\\\/322523-manpower-abre-110-vagas-para-tecnico-de-manutencao\\\/\"},\"wordCount\":334,\"commentCount\":0,\"image\":{\"@id\":\"https:\\\/\\\/blogdoamazonas.com.br\\\/322523-manpower-abre-110-vagas-para-tecnico-de-manutencao\\\/#primaryimage\"},\"thumbnailUrl\":\"https:\\\/\\\/i0.wp.com\\\/blogdoamazonas.com.br\\\/wp-content\\\/uploads\\\/2025\\\/11\\\/ddb0b36a-cb62-4697-8be5-c027639dd9d7.jpg?fit=1200%2C800&ssl=1\",\"keywords\":[\"ECONOMIA\",\"ENGENHARIA\",\"IND\u00daSTRIAS\",\"MARKETING\",\"URBANISMO\"],\"articleSection\":[\"Not\u00edcias Corporativas\"],\"inLanguage\":\"en-US\",\"potentialAction\":[{\"@type\":\"CommentAction\",\"name\":\"Comment\",\"target\":[\"https:\\\/\\\/blogdoamazonas.com.br\\\/322523-manpower-abre-110-vagas-para-tecnico-de-manutencao\\\/#respond\"]}]},{\"@type\":\"WebPage\",\"@id\":\"https:\\\/\\\/blogdoamazonas.com.br\\\/322523-manpower-abre-110-vagas-para-tecnico-de-manutencao\\\/\",\"url\":\"https:\\\/\\\/blogdoamazonas.com.br\\\/322523-manpower-abre-110-vagas-para-tecnico-de-manutencao\\\/\",\"name\":\"Manpower abre 110 vagas para t\u00e9cnico de manuten\u00e7\u00e3o - Blog do Amazonas\",\"isPartOf\":{\"@id\":\"https:\\\/\\\/blogdoamazonas.com.br\\\/#website\"},\"primaryImageOfPage\":{\"@id\":\"https:\\\/\\\/blogdoamazonas.com.br\\\/322523-manpower-abre-110-vagas-para-tecnico-de-manutencao\\\/#primaryimage\"},\"image\":{\"@id\":\"https:\\\/\\\/blogdoamazonas.com.br\\\/322523-manpower-abre-110-vagas-para-tecnico-de-manutencao\\\/#primaryimage\"},\"thumbnailUrl\":\"https:\\\/\\\/i0.wp.com\\\/blogdoamazonas.com.br\\\/wp-content\\\/uploads\\\/2025\\\/11\\\/ddb0b36a-cb62-4697-8be5-c027639dd9d7.jpg?fit=1200%2C800&ssl=1\",\"datePublished\":\"2025-11-28T00:00:00+00:00\",\"author\":{\"@id\":\"https:\\\/\\\/blogdoamazonas.com.br\\\/#\\\/schema\\\/person\\\/10573d2ff72c2f798c404610f3f58bc7\"},\"breadcrumb\":{\"@id\":\"https:\\\/\\\/blogdoamazonas.com.br\\\/322523-manpower-abre-110-vagas-para-tecnico-de-manutencao\\\/#breadcrumb\"},\"inLanguage\":\"en-US\",\"potentialAction\":[{\"@type\":\"ReadAction\",\"target\":[\"https:\\\/\\\/blogdoamazonas.com.br\\\/322523-manpower-abre-110-vagas-para-tecnico-de-manutencao\\\/\"]}]},{\"@type\":\"ImageObject\",\"inLanguage\":\"en-US\",\"@id\":\"https:\\\/\\\/blogdoamazonas.com.br\\\/322523-manpower-abre-110-vagas-para-tecnico-de-manutencao\\\/#primaryimage\",\"url\":\"https:\\\/\\\/i0.wp.com\\\/blogdoamazonas.com.br\\\/wp-content\\\/uploads\\\/2025\\\/11\\\/ddb0b36a-cb62-4697-8be5-c027639dd9d7.jpg?fit=1200%2C800&ssl=1\",\"contentUrl\":\"https:\\\/\\\/i0.wp.com\\\/blogdoamazonas.com.br\\\/wp-content\\\/uploads\\\/2025\\\/11\\\/ddb0b36a-cb62-4697-8be5-c027639dd9d7.jpg?fit=1200%2C800&ssl=1\",\"width\":1200,\"height\":800,\"caption\":\"Manpower abre 110 vagas para t\u00e9cnico de manuten\u00e7\u00e3o\"},{\"@type\":\"BreadcrumbList\",\"@id\":\"https:\\\/\\\/blogdoamazonas.com.br\\\/322523-manpower-abre-110-vagas-para-tecnico-de-manutencao\\\/#breadcrumb\",\"itemListElement\":[{\"@type\":\"ListItem\",\"position\":1,\"name\":\"In\u00edcio\",\"item\":\"https:\\\/\\\/blogdoamazonas.com.br\\\/\"},{\"@type\":\"ListItem\",\"position\":2,\"name\":\"Manpower abre 110 vagas para t\u00e9cnico de manuten\u00e7\u00e3o\"}]},{\"@type\":\"WebSite\",\"@id\":\"https:\\\/\\\/blogdoamazonas.com.br\\\/#website\",\"url\":\"https:\\\/\\\/blogdoamazonas.com.br\\\/\",\"name\":\"Blog do Amazonas\",\"description\":\"Not\u00edcias de Manaus, Amazonas e Brasil\",\"potentialAction\":[{\"@type\":\"SearchAction\",\"target\":{\"@type\":\"EntryPoint\",\"urlTemplate\":\"https:\\\/\\\/blogdoamazonas.com.br\\\/?s={search_term_string}\"},\"query-input\":{\"@type\":\"PropertyValueSpecification\",\"valueRequired\":true,\"valueName\":\"search_term_string\"}}],\"inLanguage\":\"en-US\"},{\"@type\":\"Person\",\"@id\":\"https:\\\/\\\/blogdoamazonas.com.br\\\/#\\\/schema\\\/person\\\/10573d2ff72c2f798c404610f3f58bc7\",\"name\":\"DINO\",\"image\":{\"@type\":\"ImageObject\",\"inLanguage\":\"en-US\",\"@id\":\"https:\\\/\\\/secure.gravatar.com\\\/avatar\\\/f29568383aedf96da155b6f87103b0e04b1c662f982055cda25086444ab33ff8?s=96&d=mm&r=g\",\"url\":\"https:\\\/\\\/secure.gravatar.com\\\/avatar\\\/f29568383aedf96da155b6f87103b0e04b1c662f982055cda25086444ab33ff8?s=96&d=mm&r=g\",\"contentUrl\":\"https:\\\/\\\/secure.gravatar.com\\\/avatar\\\/f29568383aedf96da155b6f87103b0e04b1c662f982055cda25086444ab33ff8?s=96&d=mm&r=g\",\"caption\":\"DINO\"},\"url\":\"https:\\\/\\\/blogdoamazonas.com.br\\\/en\\\/author\\\/DINO\\\/\"}]}<\/script>\n<!-- \/ Yoast SEO plugin. -->","yoast_head_json":{"title":"Manpower abre 110 vagas para t\u00e9cnico de manuten\u00e7\u00e3o - Blog do Amazonas","robots":{"index":"index","follow":"follow","max-snippet":"max-snippet:-1","max-image-preview":"max-image-preview:large","max-video-preview":"max-video-preview:-1"},"canonical":"https:\/\/blogdoamazonas.com.br\/en\/322523-manpower-abre-110-vagas-para-tecnico-de-manutencao\/","og_locale":"en_US","og_type":"article","og_title":"Manpower abre 110 vagas para t\u00e9cnico de manuten\u00e7\u00e3o - Blog do Amazonas","og_description":"A empresa de recursos humanos ManpowerGroup est\u00e1 com 110 vagas efetivas (CLT) abertas para t\u00e9cnico(a) de manuten\u00e7\u00e3o de rede \u00f3ptica. A oportunidade abrange diversas cidades do Brasil.","og_url":"https:\/\/blogdoamazonas.com.br\/en\/322523-manpower-abre-110-vagas-para-tecnico-de-manutencao\/","og_site_name":"Blog do Amazonas","article_published_time":"2025-11-28T00:00:00+00:00","og_image":[{"url":"https:\/\/api.dino.com.br\/v2\/news\/tr\/322523?partnerId=4428","type":"","width":"","height":""}],"author":"DINO","twitter_card":"summary_large_image","twitter_misc":{"Written by":"DINO","Est. reading time":"2 minutes"},"schema":{"@context":"https:\/\/schema.org","@graph":[{"@type":"Article","@id":"https:\/\/blogdoamazonas.com.br\/322523-manpower-abre-110-vagas-para-tecnico-de-manutencao\/#article","isPartOf":{"@id":"https:\/\/blogdoamazonas.com.br\/322523-manpower-abre-110-vagas-para-tecnico-de-manutencao\/"},"author":{"name":"DINO","@id":"https:\/\/blogdoamazonas.com.br\/#\/schema\/person\/10573d2ff72c2f798c404610f3f58bc7"},"headline":"Manpower abre 110 vagas para t\u00e9cnico de manuten\u00e7\u00e3o","datePublished":"2025-11-28T00:00:00+00:00","mainEntityOfPage":{"@id":"https:\/\/blogdoamazonas.com.br\/322523-manpower-abre-110-vagas-para-tecnico-de-manutencao\/"},"wordCount":334,"commentCount":0,"image":{"@id":"https:\/\/blogdoamazonas.com.br\/322523-manpower-abre-110-vagas-para-tecnico-de-manutencao\/#primaryimage"},"thumbnailUrl":"https:\/\/i0.wp.com\/blogdoamazonas.com.br\/wp-content\/uploads\/2025\/11\/ddb0b36a-cb62-4697-8be5-c027639dd9d7.jpg?fit=1200%2C800&ssl=1","keywords":["ECONOMIA","ENGENHARIA","IND\u00daSTRIAS","MARKETING","URBANISMO"],"articleSection":["Not\u00edcias Corporativas"],"inLanguage":"en-US","potentialAction":[{"@type":"CommentAction","name":"Comment","target":["https:\/\/blogdoamazonas.com.br\/322523-manpower-abre-110-vagas-para-tecnico-de-manutencao\/#respond"]}]},{"@type":"WebPage","@id":"https:\/\/blogdoamazonas.com.br\/322523-manpower-abre-110-vagas-para-tecnico-de-manutencao\/","url":"https:\/\/blogdoamazonas.com.br\/322523-manpower-abre-110-vagas-para-tecnico-de-manutencao\/","name":"Manpower abre 110 vagas para t\u00e9cnico de manuten\u00e7\u00e3o - Blog do Amazonas","isPartOf":{"@id":"https:\/\/blogdoamazonas.com.br\/#website"},"primaryImageOfPage":{"@id":"https:\/\/blogdoamazonas.com.br\/322523-manpower-abre-110-vagas-para-tecnico-de-manutencao\/#primaryimage"},"image":{"@id":"https:\/\/blogdoamazonas.com.br\/322523-manpower-abre-110-vagas-para-tecnico-de-manutencao\/#primaryimage"},"thumbnailUrl":"https:\/\/i0.wp.com\/blogdoamazonas.com.br\/wp-content\/uploads\/2025\/11\/ddb0b36a-cb62-4697-8be5-c027639dd9d7.jpg?fit=1200%2C800&ssl=1","datePublished":"2025-11-28T00:00:00+00:00","author":{"@id":"https:\/\/blogdoamazonas.com.br\/#\/schema\/person\/10573d2ff72c2f798c404610f3f58bc7"},"breadcrumb":{"@id":"https:\/\/blogdoamazonas.com.br\/322523-manpower-abre-110-vagas-para-tecnico-de-manutencao\/#breadcrumb"},"inLanguage":"en-US","potentialAction":[{"@type":"ReadAction","target":["https:\/\/blogdoamazonas.com.br\/322523-manpower-abre-110-vagas-para-tecnico-de-manutencao\/"]}]},{"@type":"ImageObject","inLanguage":"en-US","@id":"https:\/\/blogdoamazonas.com.br\/322523-manpower-abre-110-vagas-para-tecnico-de-manutencao\/#primaryimage","url":"https:\/\/i0.wp.com\/blogdoamazonas.com.br\/wp-content\/uploads\/2025\/11\/ddb0b36a-cb62-4697-8be5-c027639dd9d7.jpg?fit=1200%2C800&ssl=1","contentUrl":"https:\/\/i0.wp.com\/blogdoamazonas.com.br\/wp-content\/uploads\/2025\/11\/ddb0b36a-cb62-4697-8be5-c027639dd9d7.jpg?fit=1200%2C800&ssl=1","width":1200,"height":800,"caption":"Manpower abre 110 vagas para t\u00e9cnico de manuten\u00e7\u00e3o"},{"@type":"BreadcrumbList","@id":"https:\/\/blogdoamazonas.com.br\/322523-manpower-abre-110-vagas-para-tecnico-de-manutencao\/#breadcrumb","itemListElement":[{"@type":"ListItem","position":1,"name":"In\u00edcio","item":"https:\/\/blogdoamazonas.com.br\/"},{"@type":"ListItem","position":2,"name":"Manpower abre 110 vagas para t\u00e9cnico de manuten\u00e7\u00e3o"}]},{"@type":"WebSite","@id":"https:\/\/blogdoamazonas.com.br\/#website","url":"https:\/\/blogdoamazonas.com.br\/","name":"Blog do Amazonas","description":"Not\u00edcias de Manaus, Amazonas e Brasil","potentialAction":[{"@type":"SearchAction","target":{"@type":"EntryPoint","urlTemplate":"https:\/\/blogdoamazonas.com.br\/?s={search_term_string}"},"query-input":{"@type":"PropertyValueSpecification","valueRequired":true,"valueName":"search_term_string"}}],"inLanguage":"en-US"},{"@type":"Person","@id":"https:\/\/blogdoamazonas.com.br\/#\/schema\/person\/10573d2ff72c2f798c404610f3f58bc7","name":"DINO","image":{"@type":"ImageObject","inLanguage":"en-US","@id":"https:\/\/secure.gravatar.com\/avatar\/f29568383aedf96da155b6f87103b0e04b1c662f982055cda25086444ab33ff8?s=96&d=mm&r=g","url":"https:\/\/secure.gravatar.com\/avatar\/f29568383aedf96da155b6f87103b0e04b1c662f982055cda25086444ab33ff8?s=96&d=mm&r=g","contentUrl":"https:\/\/secure.gravatar.com\/avatar\/f29568383aedf96da155b6f87103b0e04b1c662f982055cda25086444ab33ff8?s=96&d=mm&r=g","caption":"DINO"},"url":"https:\/\/blogdoamazonas.com.br\/en\/author\/DINO\/"}]}},"jetpack_publicize_connections":[],"jetpack_featured_media_url":"https:\/\/i0.wp.com\/blogdoamazonas.com.br\/wp-content\/uploads\/2025\/11\/ddb0b36a-cb62-4697-8be5-c027639dd9d7.jpg?fit=1200%2C800&ssl=1","jetpack-related-posts":[{"id":7414,"url":"https:\/\/blogdoamazonas.com.br\/en\/322521-manpower-abre-88-vagas-para-instrutor-de-ensino-no-parana\/","url_meta":{"origin":1482,"position":0},"title":"Manpower abre 88 vagas para instrutor de ensino no Paran\u00e1","author":"DINO","date":"February 24, 2026","format":false,"excerpt":"A empresa de recursos humanos ManpowerGroup est\u00e1 com mais de 80 vagas efetivas (CLT) abertas para instrutor de ensino t\u00e9cnico nas \u00e1reas de eletroeletr\u00f4nica e automa\u00e7\u00e3o. As oportunidades abrangem diversas cidades do Paran\u00e1.","rel":"","context":"In &quot;Not\u00edcias Corporativas&quot;","block_context":{"text":"Not\u00edcias Corporativas","link":"https:\/\/blogdoamazonas.com.br\/en\/categoria\/noticias-corporativas-dino\/"},"img":{"alt_text":"Manpower abre 88 vagas para instrutor de ensino no Paran\u00e1","src":"https:\/\/i0.wp.com\/blogdoamazonas.com.br\/wp-content\/uploads\/2026\/02\/deb54d50-7078-4f81-a09f-771917ad9d87.png?fit=1200%2C800&ssl=1&resize=350%2C200","width":350,"height":200,"srcset":"https:\/\/i0.wp.com\/blogdoamazonas.com.br\/wp-content\/uploads\/2026\/02\/deb54d50-7078-4f81-a09f-771917ad9d87.png?fit=1200%2C800&ssl=1&resize=350%2C200 1x, https:\/\/i0.wp.com\/blogdoamazonas.com.br\/wp-content\/uploads\/2026\/02\/deb54d50-7078-4f81-a09f-771917ad9d87.png?fit=1200%2C800&ssl=1&resize=525%2C300 1.5x, https:\/\/i0.wp.com\/blogdoamazonas.com.br\/wp-content\/uploads\/2026\/02\/deb54d50-7078-4f81-a09f-771917ad9d87.png?fit=1200%2C800&ssl=1&resize=700%2C400 2x, https:\/\/i0.wp.com\/blogdoamazonas.com.br\/wp-content\/uploads\/2026\/02\/deb54d50-7078-4f81-a09f-771917ad9d87.png?fit=1200%2C800&ssl=1&resize=1050%2C600 3x"},"classes":[]},{"id":1473,"url":"https:\/\/blogdoamazonas.com.br\/en\/310781-empresa-de-telecomunicacoes-abre-dezenas-de-vagas-em-minas-gerais\/","url_meta":{"origin":1482,"position":1},"title":"Empresa de telecomunica\u00e7\u00f5es abre dezenas de vagas em Minas Gerais","author":"DINO","date":"November 28, 2025","format":false,"excerpt":"TLP Servi\u00e7os est\u00e1 com diversas vagas abertas em Minas Gerais em diferentes \u00e1reas e n\u00edveis de experi\u00eancia","rel":"","context":"In &quot;Not\u00edcias Corporativas&quot;","block_context":{"text":"Not\u00edcias Corporativas","link":"https:\/\/blogdoamazonas.com.br\/en\/categoria\/noticias-corporativas-dino\/"},"img":{"alt_text":"Empresa de telecomunica\u00e7\u00f5es abre dezenas de vagas em Minas Gerais","src":"https:\/\/i0.wp.com\/blogdoamazonas.com.br\/wp-content\/uploads\/2025\/11\/b4c079f0-69f8-4d9b-a94b-26ccfac5d18e.jpeg?fit=987%2C800&ssl=1&resize=350%2C200","width":350,"height":200,"srcset":"https:\/\/i0.wp.com\/blogdoamazonas.com.br\/wp-content\/uploads\/2025\/11\/b4c079f0-69f8-4d9b-a94b-26ccfac5d18e.jpeg?fit=987%2C800&ssl=1&resize=350%2C200 1x, https:\/\/i0.wp.com\/blogdoamazonas.com.br\/wp-content\/uploads\/2025\/11\/b4c079f0-69f8-4d9b-a94b-26ccfac5d18e.jpeg?fit=987%2C800&ssl=1&resize=525%2C300 1.5x, https:\/\/i0.wp.com\/blogdoamazonas.com.br\/wp-content\/uploads\/2025\/11\/b4c079f0-69f8-4d9b-a94b-26ccfac5d18e.jpeg?fit=987%2C800&ssl=1&resize=700%2C400 2x"},"classes":[]},{"id":11847,"url":"https:\/\/blogdoamazonas.com.br\/en\/327265-ype-mantem-contratacoes-em-alta-e-supera-110-vagas-no-brasil\/","url_meta":{"origin":1482,"position":2},"title":"Yp\u00ea mant\u00e9m contrata\u00e7\u00f5es em alta e supera 110 vagas no Brasil","author":"DINO","date":"April 6, 2026","format":false,"excerpt":"Oportunidades est\u00e3o distribu\u00eddas em mais de dez estados e abrangem vagas operacionais, t\u00e9cnicas, administrativas, comerciais e corporativas em diferentes n\u00edveis de carreira para todos os g\u00eaneros e pessoas com defici\u00eancia (PcD).","rel":"","context":"In &quot;Not\u00edcias Corporativas&quot;","block_context":{"text":"Not\u00edcias Corporativas","link":"https:\/\/blogdoamazonas.com.br\/en\/categoria\/noticias-corporativas-dino\/"},"img":{"alt_text":"Yp\u00ea mant\u00e9m contrata\u00e7\u00f5es em alta e supera 110 vagas no Brasil","src":"https:\/\/i0.wp.com\/blogdoamazonas.com.br\/wp-content\/uploads\/2026\/04\/491092c2-0c8a-4fa4-bb27-d75b28837366.jpg?fit=1200%2C800&ssl=1&resize=350%2C200","width":350,"height":200,"srcset":"https:\/\/i0.wp.com\/blogdoamazonas.com.br\/wp-content\/uploads\/2026\/04\/491092c2-0c8a-4fa4-bb27-d75b28837366.jpg?fit=1200%2C800&ssl=1&resize=350%2C200 1x, https:\/\/i0.wp.com\/blogdoamazonas.com.br\/wp-content\/uploads\/2026\/04\/491092c2-0c8a-4fa4-bb27-d75b28837366.jpg?fit=1200%2C800&ssl=1&resize=525%2C300 1.5x, https:\/\/i0.wp.com\/blogdoamazonas.com.br\/wp-content\/uploads\/2026\/04\/491092c2-0c8a-4fa4-bb27-d75b28837366.jpg?fit=1200%2C800&ssl=1&resize=700%2C400 2x, https:\/\/i0.wp.com\/blogdoamazonas.com.br\/wp-content\/uploads\/2026\/04\/491092c2-0c8a-4fa4-bb27-d75b28837366.jpg?fit=1200%2C800&ssl=1&resize=1050%2C600 3x"},"classes":[]},{"id":1894,"url":"https:\/\/blogdoamazonas.com.br\/en\/323742-ceee-equatorial-adota-novo-laboratorio-movel-em-porto-alegre\/","url_meta":{"origin":1482,"position":3},"title":"CEEE Equatorial adota novo laborat\u00f3rio m\u00f3vel em Porto Alegre","author":"DINO","date":"December 4, 2025","format":false,"excerpt":"Concession\u00e1ria adquire equipamento configurado para atender \u00e0s demandas de manuten\u00e7\u00e3o nas redes subterr\u00e2neas da capital ga\u00facha. Desenvolvido pela BAUR do Brasil, o laborat\u00f3rio ser\u00e1 utilizado em testes, diagn\u00f3sticos e localiza\u00e7\u00f5es de falhas em redes enterradas de distribui\u00e7\u00e3o el\u00e9trica.","rel":"","context":"In &quot;Not\u00edcias Corporativas&quot;","block_context":{"text":"Not\u00edcias Corporativas","link":"https:\/\/blogdoamazonas.com.br\/en\/categoria\/noticias-corporativas-dino\/"},"img":{"alt_text":"CEEE Equatorial adota novo laborat\u00f3rio m\u00f3vel em Porto Alegre","src":"https:\/\/i0.wp.com\/blogdoamazonas.com.br\/wp-content\/uploads\/2025\/12\/297984cf-5c52-4769-986b-90b773af31d1.jpg?fit=1200%2C799&ssl=1&resize=350%2C200","width":350,"height":200,"srcset":"https:\/\/i0.wp.com\/blogdoamazonas.com.br\/wp-content\/uploads\/2025\/12\/297984cf-5c52-4769-986b-90b773af31d1.jpg?fit=1200%2C799&ssl=1&resize=350%2C200 1x, https:\/\/i0.wp.com\/blogdoamazonas.com.br\/wp-content\/uploads\/2025\/12\/297984cf-5c52-4769-986b-90b773af31d1.jpg?fit=1200%2C799&ssl=1&resize=525%2C300 1.5x, https:\/\/i0.wp.com\/blogdoamazonas.com.br\/wp-content\/uploads\/2025\/12\/297984cf-5c52-4769-986b-90b773af31d1.jpg?fit=1200%2C799&ssl=1&resize=700%2C400 2x, https:\/\/i0.wp.com\/blogdoamazonas.com.br\/wp-content\/uploads\/2025\/12\/297984cf-5c52-4769-986b-90b773af31d1.jpg?fit=1200%2C799&ssl=1&resize=1050%2C600 3x"},"classes":[]},{"id":11472,"url":"https:\/\/blogdoamazonas.com.br\/en\/324124-ia-amplia-oportunidades-e-redefine-perfis-profissionais\/","url_meta":{"origin":1482,"position":4},"title":"IA amplia oportunidades e redefine perfis profissionais","author":"DINO","date":"April 1, 2026","format":false,"excerpt":"O avan\u00e7o da intelig\u00eancia artificial impulsiona a demanda por profissionais com habilidades digitais e anal\u00edticas, ao mesmo tempo em que redefine os perfis mais valorizados pelo mercado.","rel":"","context":"In &quot;Not\u00edcias Corporativas&quot;","block_context":{"text":"Not\u00edcias Corporativas","link":"https:\/\/blogdoamazonas.com.br\/en\/categoria\/noticias-corporativas-dino\/"},"img":{"alt_text":"IA amplia oportunidades e redefine perfis profissionais","src":"https:\/\/i0.wp.com\/blogdoamazonas.com.br\/wp-content\/uploads\/2026\/04\/e5ba8918-c719-4134-b957-d6b9980da9a9.jpg?fit=1200%2C675&ssl=1&resize=350%2C200","width":350,"height":200,"srcset":"https:\/\/i0.wp.com\/blogdoamazonas.com.br\/wp-content\/uploads\/2026\/04\/e5ba8918-c719-4134-b957-d6b9980da9a9.jpg?fit=1200%2C675&ssl=1&resize=350%2C200 1x, https:\/\/i0.wp.com\/blogdoamazonas.com.br\/wp-content\/uploads\/2026\/04\/e5ba8918-c719-4134-b957-d6b9980da9a9.jpg?fit=1200%2C675&ssl=1&resize=525%2C300 1.5x, https:\/\/i0.wp.com\/blogdoamazonas.com.br\/wp-content\/uploads\/2026\/04\/e5ba8918-c719-4134-b957-d6b9980da9a9.jpg?fit=1200%2C675&ssl=1&resize=700%2C400 2x, https:\/\/i0.wp.com\/blogdoamazonas.com.br\/wp-content\/uploads\/2026\/04\/e5ba8918-c719-4134-b957-d6b9980da9a9.jpg?fit=1200%2C675&ssl=1&resize=1050%2C600 3x"},"classes":[]},{"id":9754,"url":"https:\/\/blogdoamazonas.com.br\/en\/255816-eye-clinic-realiza-pesquisa-sobre-neuropatia-optica-toxica\/","url_meta":{"origin":1482,"position":5},"title":"Eye Clinic realiza pesquisa sobre neuropatia \u00f3ptica t\u00f3xica","author":"DINO","date":"March 19, 2026","format":false,"excerpt":"A\u00e7\u00e3o conjunta visa oferecer avalia\u00e7\u00e3o oftalmol\u00f3gica a pacientes com suspeita de defici\u00eancia visual causada pelo metanol.","rel":"","context":"In &quot;Not\u00edcias Corporativas&quot;","block_context":{"text":"Not\u00edcias Corporativas","link":"https:\/\/blogdoamazonas.com.br\/en\/categoria\/noticias-corporativas-dino\/"},"img":{"alt_text":"Eye Clinic realiza pesquisa sobre neuropatia \u00f3ptica t\u00f3xica","src":"https:\/\/i0.wp.com\/blogdoamazonas.com.br\/wp-content\/uploads\/2026\/03\/a1f63b05-3e2a-44f9-b535-a8268765c99e.jpg?fit=1198%2C800&ssl=1&resize=350%2C200","width":350,"height":200,"srcset":"https:\/\/i0.wp.com\/blogdoamazonas.com.br\/wp-content\/uploads\/2026\/03\/a1f63b05-3e2a-44f9-b535-a8268765c99e.jpg?fit=1198%2C800&ssl=1&resize=350%2C200 1x, https:\/\/i0.wp.com\/blogdoamazonas.com.br\/wp-content\/uploads\/2026\/03\/a1f63b05-3e2a-44f9-b535-a8268765c99e.jpg?fit=1198%2C800&ssl=1&resize=525%2C300 1.5x, https:\/\/i0.wp.com\/blogdoamazonas.com.br\/wp-content\/uploads\/2026\/03\/a1f63b05-3e2a-44f9-b535-a8268765c99e.jpg?fit=1198%2C800&ssl=1&resize=700%2C400 2x, https:\/\/i0.wp.com\/blogdoamazonas.com.br\/wp-content\/uploads\/2026\/03\/a1f63b05-3e2a-44f9-b535-a8268765c99e.jpg?fit=1198%2C800&ssl=1&resize=1050%2C600 3x"},"classes":[]}],"jetpack_sharing_enabled":true,"jetpack_shortlink":"https:\/\/wp.me\/pcvwls-nU","_links":{"self":[{"href":"https:\/\/blogdoamazonas.com.br\/en\/wp-json\/wp\/v2\/posts\/1482","targetHints":{"allow":["GET"]}}],"collection":[{"href":"https:\/\/blogdoamazonas.com.br\/en\/wp-json\/wp\/v2\/posts"}],"about":[{"href":"https:\/\/blogdoamazonas.com.br\/en\/wp-json\/wp\/v2\/types\/post"}],"author":[{"embeddable":true,"href":"https:\/\/blogdoamazonas.com.br\/en\/wp-json\/wp\/v2\/users\/2"}],"replies":[{"embeddable":true,"href":"https:\/\/blogdoamazonas.com.br\/en\/wp-json\/wp\/v2\/comments?post=1482"}],"version-history":[{"count":0,"href":"https:\/\/blogdoamazonas.com.br\/en\/wp-json\/wp\/v2\/posts\/1482\/revisions"}],"wp:featuredmedia":[{"embeddable":true,"href":"https:\/\/blogdoamazonas.com.br\/en\/wp-json\/wp\/v2\/media\/1483"}],"wp:attachment":[{"href":"https:\/\/blogdoamazonas.com.br\/en\/wp-json\/wp\/v2\/media?parent=1482"}],"wp:term":[{"taxonomy":"category","embeddable":true,"href":"https:\/\/blogdoamazonas.com.br\/en\/wp-json\/wp\/v2\/categories?post=1482"},{"taxonomy":"post_tag","embeddable":true,"href":"https:\/\/blogdoamazonas.com.br\/en\/wp-json\/wp\/v2\/tags?post=1482"}],"curies":[{"name":"wp","href":"https:\/\/api.w.org\/{rel}","templated":true}]}}