{"id":8292,"date":"2026-03-06T00:00:00","date_gmt":"2026-03-06T00:00:00","guid":{"rendered":"https:\/\/blogdoamazonas.com.br\/327903-mpd-engenharia-conquista-selo-dourado-do-cubo-itau\/"},"modified":"2026-03-06T00:00:00","modified_gmt":"2026-03-06T00:00:00","slug":"327903-mpd-engenharia-conquista-selo-dourado-do-cubo-itau","status":"publish","type":"post","link":"https:\/\/blogdoamazonas.com.br\/en\/327903-mpd-engenharia-conquista-selo-dourado-do-cubo-itau\/","title":{"rendered":"MPD Engenharia conquista Selo Dourado do Cubo Ita\u00fa"},"content":{"rendered":"<p>A MPD Engenharia conquistou, pelo terceiro ano consecutivo, o Selo Dourado do Cubo Ita\u00fa, ecossistema de inova\u00e7\u00e3o que conecta grandes empresas, startups e investidores para o desenvolvimento de solu\u00e7\u00f5es tecnol\u00f3gicas e gera\u00e7\u00e3o de neg\u00f3cios. O reconhecimento \u00e9 concedido \u00e0s corpora\u00e7\u00f5es com maior n\u00edvel de intera\u00e7\u00e3o, engajamento e participa\u00e7\u00e3o ativa na comunidade, considerando presen\u00e7a em iniciativas, participa\u00e7\u00e3o em eventos, conex\u00f5es na plataforma e colabora\u00e7\u00e3o com a comunidade. Somente neste ano, mais de 70 empresas concorreram \u00e0 premia\u00e7\u00e3o.<\/p>\n<p>Desde 2023, a MPD vem consolidando sua atua\u00e7\u00e3o no Cubo Ita\u00fa por meio de uma parceria estruturada em inova\u00e7\u00e3o aberta, com destaque para sua participa\u00e7\u00e3o como mantenedora do Cubo Construliving, iniciativa que visa aproximar grandes empresas e startups e impulsionar a transforma\u00e7\u00e3o digital nos segmentos de constru\u00e7\u00e3o e habita\u00e7\u00e3o.<\/p>\n<p>A conquista ocorre em paralelo ao avan\u00e7o da estrat\u00e9gia de inova\u00e7\u00e3o da companhia. Em 2025, as iniciativas internas de transforma\u00e7\u00e3o digital e efici\u00eancia operacional implementadas pela MPD geraram R$ 1,6 milh\u00e3o em economia operacional, al\u00e9m de ampliar a efici\u00eancia dos processos e fortalecer a tomada de decis\u00e3o baseada em dados.<\/p>\n<p>Nesse contexto, o Cubo Ita\u00fa tem papel relevante. Ao longo do \u00faltimo ano, a MPD manteve contato com dezenas de startups do ecossistema e converteu esse relacionamento em neg\u00f3cios com oito delas. Entre os destaques, est\u00e1 o case com a Liquid.ai, empresa de tecnologia que utiliza intelig\u00eancia artificial (IA) para apoiar o mercado imobili\u00e1rio por meio de um novo motor de an\u00e1lise de cr\u00e9dito, capaz de analisar informa\u00e7\u00f5es financeiras e de cr\u00e9dito para embasar decis\u00f5es com maior precis\u00e3o, tornando o processo mais \u00e1gil e assertivo, com redu\u00e7\u00e3o de retrabalho, simplifica\u00e7\u00e3o da documenta\u00e7\u00e3o exigida no momento da venda e melhoria da experi\u00eancia do cliente.<\/p>\n<p>No eixo cultural, a companhia registrou mais de 660 participa\u00e7\u00f5es de colaboradores, sendo mais de 250 em eventos no Cubo, em 52 iniciativas ligadas \u00e0 inova\u00e7\u00e3o ao longo do ano, al\u00e9m da continuidade de programas estruturantes voltados \u00e0 dissemina\u00e7\u00e3o de pr\u00e1ticas e ao desenvolvimento de projetos com potencial de gera\u00e7\u00e3o de valor. Parte dessa agenda inclui tamb\u00e9m a participa\u00e7\u00e3o da empresa em iniciativas e conex\u00f5es promovidas dentro do ambiente do Cubo.<\/p>\n<p>Para Caroline Abreu, gerente de Inova\u00e7\u00e3o &amp; Tecnologia, Qualidade &amp; Meio Ambiente da MPD Engenharia, o reconhecimento reflete a consolida\u00e7\u00e3o de uma estrat\u00e9gia transversal. &quot;A inova\u00e7\u00e3o hoje est\u00e1 integrada \u00e0 forma como a MPD planeja, executa e evolui seus projetos. O reconhecimento do Cubo Ita\u00fa pelo terceiro ano consecutivo demonstra a consist\u00eancia dessa jornada e nossa capacidade de transformar tecnologia, dados, cultura e parcerias em ganhos reais de efici\u00eancia, competitividade e qualidade&quot;, destaca.<\/p>\n<p>Com a nova certifica\u00e7\u00e3o, a MPD refor\u00e7a seu posicionamento no ecossistema de inova\u00e7\u00e3o da constru\u00e7\u00e3o civil e segue ampliando parcerias estrat\u00e9gicas voltadas \u00e0 digitaliza\u00e7\u00e3o e evolu\u00e7\u00e3o dos processos construtivos.<\/p>\n<p><img src='https:\/\/api.dino.com.br\/v2\/news\/tr\/327903?partnerId=4428' alt=\"\" style=\"border:0px;width:1px;height:1px;\" \/><\/p>\n<input type=\"hidden\" id=\"baseurl\" value=\"https:\/\/blogdoamazonas.com.br\/en\"><input type=\"hidden\" id=\"audio_nonce\" value=\"65a14a18f7\">","protected":false},"excerpt":{"rendered":"<p>O reconhecimento foi dado pela atua\u00e7\u00e3o da construtora em inova\u00e7\u00e3o aberta, uso de dados e iniciativas que ampliaram efici\u00eancia operacional e resultados financeiros em 2025.<\/p>","protected":false},"author":2,"featured_media":8293,"comment_status":"open","ping_status":"open","sticky":false,"template":"","format":"standard","meta":{"jetpack_post_was_ever_published":false,"_jetpack_newsletter_access":"","_jetpack_dont_email_post_to_subs":false,"_jetpack_newsletter_tier_id":0,"_jetpack_memberships_contains_paywalled_content":false,"_jetpack_memberships_contains_paid_content":false,"footnotes":"","jetpack_publicize_message":"","jetpack_publicize_feature_enabled":true,"jetpack_social_post_already_shared":true,"jetpack_social_options":{"image_generator_settings":{"template":"highway","default_image_id":0,"font":"","enabled":false},"version":2}},"categories":[21],"tags":[84,75,36,45],"class_list":["post-8292","post","type-post","status-publish","format-standard","has-post-thumbnail","hentry","category-noticias-corporativas-dino","tag-construcao-civil","tag-engenharia","tag-negocios","tag-tecnologia"],"yoast_head":"<!-- This site is optimized with the Yoast SEO plugin v27.4 - https:\/\/yoast.com\/product\/yoast-seo-wordpress\/ -->\n<title>MPD Engenharia conquista Selo Dourado do Cubo Ita\u00fa - Blog do Amazonas<\/title>\n<meta name=\"robots\" content=\"index, follow, max-snippet:-1, max-image-preview:large, max-video-preview:-1\" \/>\n<link rel=\"canonical\" href=\"https:\/\/blogdoamazonas.com.br\/en\/327903-mpd-engenharia-conquista-selo-dourado-do-cubo-itau\/\" \/>\n<meta property=\"og:locale\" content=\"en_US\" \/>\n<meta property=\"og:type\" content=\"article\" \/>\n<meta property=\"og:title\" content=\"MPD Engenharia conquista Selo Dourado do Cubo Ita\u00fa - Blog do Amazonas\" \/>\n<meta property=\"og:description\" content=\"O reconhecimento foi dado pela atua\u00e7\u00e3o da construtora em inova\u00e7\u00e3o aberta, uso de dados e iniciativas que ampliaram efici\u00eancia operacional e resultados financeiros em 2025.\" \/>\n<meta property=\"og:url\" content=\"https:\/\/blogdoamazonas.com.br\/en\/327903-mpd-engenharia-conquista-selo-dourado-do-cubo-itau\/\" \/>\n<meta property=\"og:site_name\" content=\"Blog do Amazonas\" \/>\n<meta property=\"article:published_time\" content=\"2026-03-06T00:00:00+00:00\" \/>\n<meta property=\"og:image\" content=\"https:\/\/api.dino.com.br\/v2\/news\/tr\/327903?partnerId=4428\" \/>\n<meta name=\"author\" content=\"DINO\" \/>\n<meta name=\"twitter:card\" content=\"summary_large_image\" \/>\n<meta name=\"twitter:label1\" content=\"Written by\" \/>\n\t<meta name=\"twitter:data1\" content=\"DINO\" \/>\n\t<meta name=\"twitter:label2\" content=\"Est. reading time\" \/>\n\t<meta name=\"twitter:data2\" content=\"3 minutes\" \/>\n<script type=\"application\/ld+json\" class=\"yoast-schema-graph\">{\"@context\":\"https:\\\/\\\/schema.org\",\"@graph\":[{\"@type\":\"Article\",\"@id\":\"https:\\\/\\\/blogdoamazonas.com.br\\\/327903-mpd-engenharia-conquista-selo-dourado-do-cubo-itau\\\/#article\",\"isPartOf\":{\"@id\":\"https:\\\/\\\/blogdoamazonas.com.br\\\/327903-mpd-engenharia-conquista-selo-dourado-do-cubo-itau\\\/\"},\"author\":{\"name\":\"DINO\",\"@id\":\"https:\\\/\\\/blogdoamazonas.com.br\\\/#\\\/schema\\\/person\\\/10573d2ff72c2f798c404610f3f58bc7\"},\"headline\":\"MPD Engenharia conquista Selo Dourado do Cubo Ita\u00fa\",\"datePublished\":\"2026-03-06T00:00:00+00:00\",\"mainEntityOfPage\":{\"@id\":\"https:\\\/\\\/blogdoamazonas.com.br\\\/327903-mpd-engenharia-conquista-selo-dourado-do-cubo-itau\\\/\"},\"wordCount\":513,\"commentCount\":0,\"image\":{\"@id\":\"https:\\\/\\\/blogdoamazonas.com.br\\\/327903-mpd-engenharia-conquista-selo-dourado-do-cubo-itau\\\/#primaryimage\"},\"thumbnailUrl\":\"https:\\\/\\\/i0.wp.com\\\/blogdoamazonas.com.br\\\/wp-content\\\/uploads\\\/2026\\\/03\\\/433c8501-bc67-4128-adf3-85748ec7c0d4.jpg?fit=1199%2C800&ssl=1\",\"keywords\":[\"CONSTRU\u00c7\u00c3O CIV\u00cdL\",\"ENGENHARIA\",\"NEG\u00d3CIOS\",\"TECNOLOGIA\"],\"articleSection\":[\"Not\u00edcias Corporativas\"],\"inLanguage\":\"en-US\",\"potentialAction\":[{\"@type\":\"CommentAction\",\"name\":\"Comment\",\"target\":[\"https:\\\/\\\/blogdoamazonas.com.br\\\/327903-mpd-engenharia-conquista-selo-dourado-do-cubo-itau\\\/#respond\"]}]},{\"@type\":\"WebPage\",\"@id\":\"https:\\\/\\\/blogdoamazonas.com.br\\\/327903-mpd-engenharia-conquista-selo-dourado-do-cubo-itau\\\/\",\"url\":\"https:\\\/\\\/blogdoamazonas.com.br\\\/327903-mpd-engenharia-conquista-selo-dourado-do-cubo-itau\\\/\",\"name\":\"MPD Engenharia conquista Selo Dourado do Cubo Ita\u00fa - Blog do Amazonas\",\"isPartOf\":{\"@id\":\"https:\\\/\\\/blogdoamazonas.com.br\\\/#website\"},\"primaryImageOfPage\":{\"@id\":\"https:\\\/\\\/blogdoamazonas.com.br\\\/327903-mpd-engenharia-conquista-selo-dourado-do-cubo-itau\\\/#primaryimage\"},\"image\":{\"@id\":\"https:\\\/\\\/blogdoamazonas.com.br\\\/327903-mpd-engenharia-conquista-selo-dourado-do-cubo-itau\\\/#primaryimage\"},\"thumbnailUrl\":\"https:\\\/\\\/i0.wp.com\\\/blogdoamazonas.com.br\\\/wp-content\\\/uploads\\\/2026\\\/03\\\/433c8501-bc67-4128-adf3-85748ec7c0d4.jpg?fit=1199%2C800&ssl=1\",\"datePublished\":\"2026-03-06T00:00:00+00:00\",\"author\":{\"@id\":\"https:\\\/\\\/blogdoamazonas.com.br\\\/#\\\/schema\\\/person\\\/10573d2ff72c2f798c404610f3f58bc7\"},\"breadcrumb\":{\"@id\":\"https:\\\/\\\/blogdoamazonas.com.br\\\/327903-mpd-engenharia-conquista-selo-dourado-do-cubo-itau\\\/#breadcrumb\"},\"inLanguage\":\"en-US\",\"potentialAction\":[{\"@type\":\"ReadAction\",\"target\":[\"https:\\\/\\\/blogdoamazonas.com.br\\\/327903-mpd-engenharia-conquista-selo-dourado-do-cubo-itau\\\/\"]}]},{\"@type\":\"ImageObject\",\"inLanguage\":\"en-US\",\"@id\":\"https:\\\/\\\/blogdoamazonas.com.br\\\/327903-mpd-engenharia-conquista-selo-dourado-do-cubo-itau\\\/#primaryimage\",\"url\":\"https:\\\/\\\/i0.wp.com\\\/blogdoamazonas.com.br\\\/wp-content\\\/uploads\\\/2026\\\/03\\\/433c8501-bc67-4128-adf3-85748ec7c0d4.jpg?fit=1199%2C800&ssl=1\",\"contentUrl\":\"https:\\\/\\\/i0.wp.com\\\/blogdoamazonas.com.br\\\/wp-content\\\/uploads\\\/2026\\\/03\\\/433c8501-bc67-4128-adf3-85748ec7c0d4.jpg?fit=1199%2C800&ssl=1\",\"width\":1199,\"height\":800,\"caption\":\"MPD Engenharia conquista Selo Dourado do Cubo Ita\u00fa\"},{\"@type\":\"BreadcrumbList\",\"@id\":\"https:\\\/\\\/blogdoamazonas.com.br\\\/327903-mpd-engenharia-conquista-selo-dourado-do-cubo-itau\\\/#breadcrumb\",\"itemListElement\":[{\"@type\":\"ListItem\",\"position\":1,\"name\":\"In\u00edcio\",\"item\":\"https:\\\/\\\/blogdoamazonas.com.br\\\/\"},{\"@type\":\"ListItem\",\"position\":2,\"name\":\"MPD Engenharia conquista Selo Dourado do Cubo Ita\u00fa\"}]},{\"@type\":\"WebSite\",\"@id\":\"https:\\\/\\\/blogdoamazonas.com.br\\\/#website\",\"url\":\"https:\\\/\\\/blogdoamazonas.com.br\\\/\",\"name\":\"Blog do Amazonas\",\"description\":\"Not\u00edcias de Manaus, Amazonas e Brasil\",\"potentialAction\":[{\"@type\":\"SearchAction\",\"target\":{\"@type\":\"EntryPoint\",\"urlTemplate\":\"https:\\\/\\\/blogdoamazonas.com.br\\\/?s={search_term_string}\"},\"query-input\":{\"@type\":\"PropertyValueSpecification\",\"valueRequired\":true,\"valueName\":\"search_term_string\"}}],\"inLanguage\":\"en-US\"},{\"@type\":\"Person\",\"@id\":\"https:\\\/\\\/blogdoamazonas.com.br\\\/#\\\/schema\\\/person\\\/10573d2ff72c2f798c404610f3f58bc7\",\"name\":\"DINO\",\"image\":{\"@type\":\"ImageObject\",\"inLanguage\":\"en-US\",\"@id\":\"https:\\\/\\\/secure.gravatar.com\\\/avatar\\\/f29568383aedf96da155b6f87103b0e04b1c662f982055cda25086444ab33ff8?s=96&d=mm&r=g\",\"url\":\"https:\\\/\\\/secure.gravatar.com\\\/avatar\\\/f29568383aedf96da155b6f87103b0e04b1c662f982055cda25086444ab33ff8?s=96&d=mm&r=g\",\"contentUrl\":\"https:\\\/\\\/secure.gravatar.com\\\/avatar\\\/f29568383aedf96da155b6f87103b0e04b1c662f982055cda25086444ab33ff8?s=96&d=mm&r=g\",\"caption\":\"DINO\"},\"url\":\"https:\\\/\\\/blogdoamazonas.com.br\\\/en\\\/author\\\/DINO\\\/\"}]}<\/script>\n<!-- \/ Yoast SEO plugin. -->","yoast_head_json":{"title":"MPD Engenharia conquista Selo Dourado do Cubo Ita\u00fa - Blog do Amazonas","robots":{"index":"index","follow":"follow","max-snippet":"max-snippet:-1","max-image-preview":"max-image-preview:large","max-video-preview":"max-video-preview:-1"},"canonical":"https:\/\/blogdoamazonas.com.br\/en\/327903-mpd-engenharia-conquista-selo-dourado-do-cubo-itau\/","og_locale":"en_US","og_type":"article","og_title":"MPD Engenharia conquista Selo Dourado do Cubo Ita\u00fa - Blog do Amazonas","og_description":"O reconhecimento foi dado pela atua\u00e7\u00e3o da construtora em inova\u00e7\u00e3o aberta, uso de dados e iniciativas que ampliaram efici\u00eancia operacional e resultados financeiros em 2025.","og_url":"https:\/\/blogdoamazonas.com.br\/en\/327903-mpd-engenharia-conquista-selo-dourado-do-cubo-itau\/","og_site_name":"Blog do Amazonas","article_published_time":"2026-03-06T00:00:00+00:00","og_image":[{"url":"https:\/\/api.dino.com.br\/v2\/news\/tr\/327903?partnerId=4428","type":"","width":"","height":""}],"author":"DINO","twitter_card":"summary_large_image","twitter_misc":{"Written by":"DINO","Est. reading time":"3 minutes"},"schema":{"@context":"https:\/\/schema.org","@graph":[{"@type":"Article","@id":"https:\/\/blogdoamazonas.com.br\/327903-mpd-engenharia-conquista-selo-dourado-do-cubo-itau\/#article","isPartOf":{"@id":"https:\/\/blogdoamazonas.com.br\/327903-mpd-engenharia-conquista-selo-dourado-do-cubo-itau\/"},"author":{"name":"DINO","@id":"https:\/\/blogdoamazonas.com.br\/#\/schema\/person\/10573d2ff72c2f798c404610f3f58bc7"},"headline":"MPD Engenharia conquista Selo Dourado do Cubo Ita\u00fa","datePublished":"2026-03-06T00:00:00+00:00","mainEntityOfPage":{"@id":"https:\/\/blogdoamazonas.com.br\/327903-mpd-engenharia-conquista-selo-dourado-do-cubo-itau\/"},"wordCount":513,"commentCount":0,"image":{"@id":"https:\/\/blogdoamazonas.com.br\/327903-mpd-engenharia-conquista-selo-dourado-do-cubo-itau\/#primaryimage"},"thumbnailUrl":"https:\/\/i0.wp.com\/blogdoamazonas.com.br\/wp-content\/uploads\/2026\/03\/433c8501-bc67-4128-adf3-85748ec7c0d4.jpg?fit=1199%2C800&ssl=1","keywords":["CONSTRU\u00c7\u00c3O CIV\u00cdL","ENGENHARIA","NEG\u00d3CIOS","TECNOLOGIA"],"articleSection":["Not\u00edcias Corporativas"],"inLanguage":"en-US","potentialAction":[{"@type":"CommentAction","name":"Comment","target":["https:\/\/blogdoamazonas.com.br\/327903-mpd-engenharia-conquista-selo-dourado-do-cubo-itau\/#respond"]}]},{"@type":"WebPage","@id":"https:\/\/blogdoamazonas.com.br\/327903-mpd-engenharia-conquista-selo-dourado-do-cubo-itau\/","url":"https:\/\/blogdoamazonas.com.br\/327903-mpd-engenharia-conquista-selo-dourado-do-cubo-itau\/","name":"MPD Engenharia conquista Selo Dourado do Cubo Ita\u00fa - Blog do Amazonas","isPartOf":{"@id":"https:\/\/blogdoamazonas.com.br\/#website"},"primaryImageOfPage":{"@id":"https:\/\/blogdoamazonas.com.br\/327903-mpd-engenharia-conquista-selo-dourado-do-cubo-itau\/#primaryimage"},"image":{"@id":"https:\/\/blogdoamazonas.com.br\/327903-mpd-engenharia-conquista-selo-dourado-do-cubo-itau\/#primaryimage"},"thumbnailUrl":"https:\/\/i0.wp.com\/blogdoamazonas.com.br\/wp-content\/uploads\/2026\/03\/433c8501-bc67-4128-adf3-85748ec7c0d4.jpg?fit=1199%2C800&ssl=1","datePublished":"2026-03-06T00:00:00+00:00","author":{"@id":"https:\/\/blogdoamazonas.com.br\/#\/schema\/person\/10573d2ff72c2f798c404610f3f58bc7"},"breadcrumb":{"@id":"https:\/\/blogdoamazonas.com.br\/327903-mpd-engenharia-conquista-selo-dourado-do-cubo-itau\/#breadcrumb"},"inLanguage":"en-US","potentialAction":[{"@type":"ReadAction","target":["https:\/\/blogdoamazonas.com.br\/327903-mpd-engenharia-conquista-selo-dourado-do-cubo-itau\/"]}]},{"@type":"ImageObject","inLanguage":"en-US","@id":"https:\/\/blogdoamazonas.com.br\/327903-mpd-engenharia-conquista-selo-dourado-do-cubo-itau\/#primaryimage","url":"https:\/\/i0.wp.com\/blogdoamazonas.com.br\/wp-content\/uploads\/2026\/03\/433c8501-bc67-4128-adf3-85748ec7c0d4.jpg?fit=1199%2C800&ssl=1","contentUrl":"https:\/\/i0.wp.com\/blogdoamazonas.com.br\/wp-content\/uploads\/2026\/03\/433c8501-bc67-4128-adf3-85748ec7c0d4.jpg?fit=1199%2C800&ssl=1","width":1199,"height":800,"caption":"MPD Engenharia conquista Selo Dourado do Cubo Ita\u00fa"},{"@type":"BreadcrumbList","@id":"https:\/\/blogdoamazonas.com.br\/327903-mpd-engenharia-conquista-selo-dourado-do-cubo-itau\/#breadcrumb","itemListElement":[{"@type":"ListItem","position":1,"name":"In\u00edcio","item":"https:\/\/blogdoamazonas.com.br\/"},{"@type":"ListItem","position":2,"name":"MPD Engenharia conquista Selo Dourado do Cubo Ita\u00fa"}]},{"@type":"WebSite","@id":"https:\/\/blogdoamazonas.com.br\/#website","url":"https:\/\/blogdoamazonas.com.br\/","name":"Blog do Amazonas","description":"Not\u00edcias de Manaus, Amazonas e Brasil","potentialAction":[{"@type":"SearchAction","target":{"@type":"EntryPoint","urlTemplate":"https:\/\/blogdoamazonas.com.br\/?s={search_term_string}"},"query-input":{"@type":"PropertyValueSpecification","valueRequired":true,"valueName":"search_term_string"}}],"inLanguage":"en-US"},{"@type":"Person","@id":"https:\/\/blogdoamazonas.com.br\/#\/schema\/person\/10573d2ff72c2f798c404610f3f58bc7","name":"DINO","image":{"@type":"ImageObject","inLanguage":"en-US","@id":"https:\/\/secure.gravatar.com\/avatar\/f29568383aedf96da155b6f87103b0e04b1c662f982055cda25086444ab33ff8?s=96&d=mm&r=g","url":"https:\/\/secure.gravatar.com\/avatar\/f29568383aedf96da155b6f87103b0e04b1c662f982055cda25086444ab33ff8?s=96&d=mm&r=g","contentUrl":"https:\/\/secure.gravatar.com\/avatar\/f29568383aedf96da155b6f87103b0e04b1c662f982055cda25086444ab33ff8?s=96&d=mm&r=g","caption":"DINO"},"url":"https:\/\/blogdoamazonas.com.br\/en\/author\/DINO\/"}]}},"jetpack_publicize_connections":[],"jetpack_featured_media_url":"https:\/\/i0.wp.com\/blogdoamazonas.com.br\/wp-content\/uploads\/2026\/03\/433c8501-bc67-4128-adf3-85748ec7c0d4.jpg?fit=1199%2C800&ssl=1","jetpack-related-posts":[{"id":14252,"url":"https:\/\/blogdoamazonas.com.br\/en\/330273-eficiencia-publica-enfrenta-entraves-tecnicos-e-politicos\/","url_meta":{"origin":8292,"position":0},"title":"Efici\u00eancia p\u00fablica enfrenta entraves t\u00e9cnicos e pol\u00edticos","author":"DINO","date":"April 27, 2026","format":false,"excerpt":"Levantamento promovido pelo CRA-SP revela que a gest\u00e3o p\u00fablica deve olhar com mais cuidado para quest\u00f5es de governan\u00e7a e ter cautela em cen\u00e1rios muito polarizados","rel":"","context":"In &quot;Not\u00edcias Corporativas&quot;","block_context":{"text":"Not\u00edcias Corporativas","link":"https:\/\/blogdoamazonas.com.br\/en\/categoria\/noticias-corporativas-dino\/"},"img":{"alt_text":"Efici\u00eancia p\u00fablica enfrenta entraves t\u00e9cnicos e pol\u00edticos","src":"https:\/\/i0.wp.com\/blogdoamazonas.com.br\/wp-content\/uploads\/2026\/04\/5c6cb704-8721-42db-98ca-ebf17566e26f.jpg?fit=1199%2C800&ssl=1&resize=350%2C200","width":350,"height":200,"srcset":"https:\/\/i0.wp.com\/blogdoamazonas.com.br\/wp-content\/uploads\/2026\/04\/5c6cb704-8721-42db-98ca-ebf17566e26f.jpg?fit=1199%2C800&ssl=1&resize=350%2C200 1x, https:\/\/i0.wp.com\/blogdoamazonas.com.br\/wp-content\/uploads\/2026\/04\/5c6cb704-8721-42db-98ca-ebf17566e26f.jpg?fit=1199%2C800&ssl=1&resize=525%2C300 1.5x, https:\/\/i0.wp.com\/blogdoamazonas.com.br\/wp-content\/uploads\/2026\/04\/5c6cb704-8721-42db-98ca-ebf17566e26f.jpg?fit=1199%2C800&ssl=1&resize=700%2C400 2x, https:\/\/i0.wp.com\/blogdoamazonas.com.br\/wp-content\/uploads\/2026\/04\/5c6cb704-8721-42db-98ca-ebf17566e26f.jpg?fit=1199%2C800&ssl=1&resize=1050%2C600 3x"},"classes":[]}],"jetpack_sharing_enabled":true,"jetpack_shortlink":"https:\/\/wp.me\/pcvwls-29K","_links":{"self":[{"href":"https:\/\/blogdoamazonas.com.br\/en\/wp-json\/wp\/v2\/posts\/8292","targetHints":{"allow":["GET"]}}],"collection":[{"href":"https:\/\/blogdoamazonas.com.br\/en\/wp-json\/wp\/v2\/posts"}],"about":[{"href":"https:\/\/blogdoamazonas.com.br\/en\/wp-json\/wp\/v2\/types\/post"}],"author":[{"embeddable":true,"href":"https:\/\/blogdoamazonas.com.br\/en\/wp-json\/wp\/v2\/users\/2"}],"replies":[{"embeddable":true,"href":"https:\/\/blogdoamazonas.com.br\/en\/wp-json\/wp\/v2\/comments?post=8292"}],"version-history":[{"count":0,"href":"https:\/\/blogdoamazonas.com.br\/en\/wp-json\/wp\/v2\/posts\/8292\/revisions"}],"wp:featuredmedia":[{"embeddable":true,"href":"https:\/\/blogdoamazonas.com.br\/en\/wp-json\/wp\/v2\/media\/8293"}],"wp:attachment":[{"href":"https:\/\/blogdoamazonas.com.br\/en\/wp-json\/wp\/v2\/media?parent=8292"}],"wp:term":[{"taxonomy":"category","embeddable":true,"href":"https:\/\/blogdoamazonas.com.br\/en\/wp-json\/wp\/v2\/categories?post=8292"},{"taxonomy":"post_tag","embeddable":true,"href":"https:\/\/blogdoamazonas.com.br\/en\/wp-json\/wp\/v2\/tags?post=8292"}],"curies":[{"name":"wp","href":"https:\/\/api.w.org\/{rel}","templated":true}]}}